{"id":120381,"date":"2024-07-10T17:28:16","date_gmt":"2024-07-10T20:28:16","guid":{"rendered":"https:\/\/cdnoticias.com\/?p=120381"},"modified":"2024-07-11T07:46:52","modified_gmt":"2024-07-11T10:46:52","slug":"vacaciones-de-invierno-el-transporte-interurbano-cambia-las-frecuencias","status":"publish","type":"post","link":"https:\/\/cdnoticias.com\/index.php\/2024\/07\/10\/vacaciones-de-invierno-el-transporte-interurbano-cambia-las-frecuencias\/","title":{"rendered":"Vacaciones de invierno: el transporte interurbano cambia las frecuencias"},"content":{"rendered":"<p>La empresa Las Sierras inform\u00f3 c\u00f3mo ser\u00e1n los recorridos entre el lunes 15 de julio hasta el viernes 26.<!--more--><\/p>\n<hr \/>\n<p>El <strong>transporte interurbano de pasajeros<\/strong> en Olavarr\u00eda <strong>cambiar\u00e1 las frecuencias<\/strong> durante las <strong>vacaciones de invierno<\/strong>.<\/p>\n<p>La <strong>empresa Las Sierras de Olavarr\u00eda<\/strong> inform\u00f3 c\u00f3mo ser\u00e1n los recorridos <strong>entre el lunes 15 de julio hasta el viernes 26<\/strong> en las tres l\u00edneas que gestionan:<\/p>\n<p><img data-recalc-dims=\"1\" loading=\"lazy\" decoding=\"async\" class=\"aligncenter wp-image-120383\" src=\"https:\/\/i0.wp.com\/cdnoticias.com\/wp-content\/uploads\/2024\/07\/vacaciones-de-invierno-las-sierras-00.jpg?resize=700%2C1348&#038;ssl=1\" alt=\"\" width=\"700\" height=\"1348\" srcset=\"https:\/\/i0.wp.com\/cdnoticias.com\/wp-content\/uploads\/2024\/07\/vacaciones-de-invierno-las-sierras-00.jpg?w=600&amp;ssl=1 600w, https:\/\/i0.wp.com\/cdnoticias.com\/wp-content\/uploads\/2024\/07\/vacaciones-de-invierno-las-sierras-00.jpg?resize=156%2C300&amp;ssl=1 156w, https:\/\/i0.wp.com\/cdnoticias.com\/wp-content\/uploads\/2024\/07\/vacaciones-de-invierno-las-sierras-00.jpg?resize=532%2C1024&amp;ssl=1 532w\" sizes=\"auto, (max-width: 700px) 100vw, 700px\" \/><\/p>\n","protected":false},"excerpt":{"rendered":"<p>La empresa Las Sierras inform\u00f3 c\u00f3mo ser\u00e1n los recorridos entre el lunes 15 de julio hasta el viernes 26.<\/p>\n","protected":false},"author":4,"featured_media":57250,"comment_status":"closed","ping_status":"closed","sticky":false,"template":"","format":"standard","meta":{"_jetpack_memberships_contains_paid_content":false,"footnotes":""},"categories":[5,1],"tags":[],"class_list":["post-120381","post","type-post","status-publish","format-standard","has-post-thumbnail","hentry","category-informacion-general","category-portada"],"jetpack_featured_media_url":"https:\/\/i0.wp.com\/cdnoticias.com\/wp-content\/uploads\/2022\/06\/terminal-colectivos-las-sierras-01.jpg?fit=800%2C445&ssl=1","jetpack_sharing_enabled":true,"_links":{"self":[{"href":"https:\/\/cdnoticias.com\/index.php\/wp-json\/wp\/v2\/posts\/120381","targetHints":{"allow":["GET"]}}],"collection":[{"href":"https:\/\/cdnoticias.com\/index.php\/wp-json\/wp\/v2\/posts"}],"about":[{"href":"https:\/\/cdnoticias.com\/index.php\/wp-json\/wp\/v2\/types\/post"}],"author":[{"embeddable":true,"href":"https:\/\/cdnoticias.com\/index.php\/wp-json\/wp\/v2\/users\/4"}],"replies":[{"embeddable":true,"href":"https:\/\/cdnoticias.com\/index.php\/wp-json\/wp\/v2\/comments?post=120381"}],"version-history":[{"count":0,"href":"https:\/\/cdnoticias.com\/index.php\/wp-json\/wp\/v2\/posts\/120381\/revisions"}],"wp:featuredmedia":[{"embeddable":true,"href":"https:\/\/cdnoticias.com\/index.php\/wp-json\/wp\/v2\/media\/57250"}],"wp:attachment":[{"href":"https:\/\/cdnoticias.com\/index.php\/wp-json\/wp\/v2\/media?parent=120381"}],"wp:term":[{"taxonomy":"category","embeddable":true,"href":"https:\/\/cdnoticias.com\/index.php\/wp-json\/wp\/v2\/categories?post=120381"},{"taxonomy":"post_tag","embeddable":true,"href":"https:\/\/cdnoticias.com\/index.php\/wp-json\/wp\/v2\/tags?post=120381"}],"curies":[{"name":"wp","href":"https:\/\/api.w.org\/{rel}","templated":true}]}}