{"id":12031,"date":"2021-01-22T15:59:05","date_gmt":"2021-01-22T18:59:05","guid":{"rendered":"http:\/\/www.centraldenoticias.com.ar\/?p=12031"},"modified":"2021-01-22T17:04:21","modified_gmt":"2021-01-22T20:04:21","slug":"vuelta-a-clases-en-olavarria-son-2700-los-estudiantes-que-regresaran-en-febrero","status":"publish","type":"post","link":"https:\/\/cdnoticias.com\/index.php\/2021\/01\/22\/vuelta-a-clases-en-olavarria-son-2700-los-estudiantes-que-regresaran-en-febrero\/","title":{"rendered":"Vuelta a clases: En Olavarr\u00eda son 2700 los estudiantes que regresar\u00e1n en febrero"},"content":{"rendered":"<p>Lo confirm\u00f3 el Jefe Distrital de Educaci\u00f3n, en di\u00e1logo con Central de Noticias sobre el reinicio de la actividad educativa. Los primeros en volver son los alumnos y alumnas que deben trabajar temas pendientes de 2020.\u00a0<!--more--><\/p>\n<hr \/>\n<p>La Direcci\u00f3n de Escuelas provincial fij\u00f3 <strong>el 17 de febrero para el regreso a las escuelas de los estudiantes que tuvieron bajo o nulo v\u00ednculo pedag\u00f3gico a fin de trabajar los temas pendientes de 2020.<\/strong> Este per\u00edodo se extender\u00e1 hasta el 31 de marzo.<\/p>\n<p>&nbsp;<\/p>\n<blockquote><p>El n\u00famero de alumnos y alumnas que comenzar\u00e1n las clases el 17 de febrero en Olavarr\u00eda, ronda los <strong>2700<\/strong> y se divide en <strong>1386 ni\u00f1os y ni\u00f1as de nivel primario<\/strong>; y <strong>1326 adolescentes de nivel secundario<\/strong>.<\/p><\/blockquote>\n<p>&nbsp;<\/p>\n<p>En tanto, <strong>para el resto de los estudiantes el calendario escolar prev\u00e9 iniciar las clases el 1\u00ba de marzo en primaria y el 8 en secundaria.<\/strong><\/p>\n<p>&nbsp;<\/p>\n<p>Uno de los temas abordados en la entrevista con el Jefe de Educaci\u00f3n Distrital, Julio Ben\u00edtez, tuvo que ver con el planteo de la <strong>presencialidad<\/strong>. El funcionario y docente,\u00a0<a href=\"https:\/\/cdnoticias.com\/index.php\/2021\/01\/22\/vuelta-a-clases-presenciales-todos-tenemos-la-necesidad-de-empezar\/\" target=\"_blank\" rel=\"noopener\">detall\u00f3 las condiciones del regreso<\/a> e hizo hincapi\u00e9 en que la presencialidad<em> \u201cser\u00e1 escalonada\u201d<\/em> y <em>\u201ccompartir\u00e1 dos modos de interacci\u00f3n, presencial y virtual\u201d.<\/em><\/p>\n<p>&nbsp;<\/p>\n<p>Asimismo, la apertura de las escuelas para recibir a estudiantes y personal estar\u00e1<strong> vinculada a la situaci\u00f3n sanitaria.<\/strong> <em>\u201cNo se puede tomar decisiones por fuera de esa imposici\u00f3n que la pandemia hace. En funci\u00f3n de ello que hay un d\u00eda a d\u00eda, hay hip\u00f3tesis de trabajo, se hipotetiza la presencialidad en condiciones que el plan jurisdiccional ya establece\u201d<\/em> indic\u00f3.<\/p>\n","protected":false},"excerpt":{"rendered":"<p>Lo confirm\u00f3 el Jefe Distrital de Educaci\u00f3n, en di\u00e1logo con Central de Noticias sobre el reinicio de la actividad educativa.<\/p>\n","protected":false},"author":5,"featured_media":2501,"comment_status":"closed","ping_status":"closed","sticky":false,"template":"","format":"standard","meta":{"_jetpack_memberships_contains_paid_content":false,"footnotes":""},"categories":[5,1],"tags":[],"class_list":["post-12031","post","type-post","status-publish","format-standard","has-post-thumbnail","hentry","category-informacion-general","category-portada"],"jetpack_featured_media_url":"https:\/\/i0.wp.com\/cdnoticias.com\/wp-content\/uploads\/2020\/09\/educacion-clases.jpg?fit=1200%2C675&ssl=1","jetpack_sharing_enabled":true,"_links":{"self":[{"href":"https:\/\/cdnoticias.com\/index.php\/wp-json\/wp\/v2\/posts\/12031","targetHints":{"allow":["GET"]}}],"collection":[{"href":"https:\/\/cdnoticias.com\/index.php\/wp-json\/wp\/v2\/posts"}],"about":[{"href":"https:\/\/cdnoticias.com\/index.php\/wp-json\/wp\/v2\/types\/post"}],"author":[{"embeddable":true,"href":"https:\/\/cdnoticias.com\/index.php\/wp-json\/wp\/v2\/users\/5"}],"replies":[{"embeddable":true,"href":"https:\/\/cdnoticias.com\/index.php\/wp-json\/wp\/v2\/comments?post=12031"}],"version-history":[{"count":0,"href":"https:\/\/cdnoticias.com\/index.php\/wp-json\/wp\/v2\/posts\/12031\/revisions"}],"wp:featuredmedia":[{"embeddable":true,"href":"https:\/\/cdnoticias.com\/index.php\/wp-json\/wp\/v2\/media\/2501"}],"wp:attachment":[{"href":"https:\/\/cdnoticias.com\/index.php\/wp-json\/wp\/v2\/media?parent=12031"}],"wp:term":[{"taxonomy":"category","embeddable":true,"href":"https:\/\/cdnoticias.com\/index.php\/wp-json\/wp\/v2\/categories?post=12031"},{"taxonomy":"post_tag","embeddable":true,"href":"https:\/\/cdnoticias.com\/index.php\/wp-json\/wp\/v2\/tags?post=12031"}],"curies":[{"name":"wp","href":"https:\/\/api.w.org\/{rel}","templated":true}]}}