{"id":120300,"date":"2024-07-10T20:15:57","date_gmt":"2024-07-10T23:15:57","guid":{"rendered":"https:\/\/cdnoticias.com\/?p=120300"},"modified":"2024-07-11T08:46:07","modified_gmt":"2024-07-11T11:46:07","slug":"juicio-de-lesa-humanidad-pedido-para-que-las-sentencias-se-lean-en-tandil","status":"publish","type":"post","link":"https:\/\/cdnoticias.com\/index.php\/2024\/07\/10\/juicio-de-lesa-humanidad-pedido-para-que-las-sentencias-se-lean-en-tandil\/","title":{"rendered":"Juicio de Lesa Humanidad: pedido para que las sentencias se lean en Tandil"},"content":{"rendered":"<p>Es un pedido de la Mesa Multisectorial por Memoria, Verdad y Justicia al que se puede adherir. Se presentar\u00e1 el viernes en el TOF N\u00ba 1 de Mar del Plata.<!--more--><\/p>\n<hr \/>\n<p>La<strong> Mesa Multisectorial por Memoria, Verdad y Justicia<\/strong> impulsa un pedido para que las <strong>sentencias del juicio de Lesa Humanidad<\/strong> que lleva delante el <strong>Tribunal Oral Federal de Mar del Plata<\/strong> sean <strong>le\u00eddas en Tandil<\/strong>.<\/p>\n<blockquote><p>Se convoc\u00f3 para ello a que los interesados muestren su adhesi\u00f3n a la \u201cSolicitud de Transmisi\u00f3n Audiovisual de Alegatos\u201d y la \u201cLectura Presencial de Sentencias en Tandil\u201d a las que se puede <a href=\"https:\/\/docs.google.com\/forms\/d\/e\/1FAIpQLScvzmef284pJD9px2-MiczEr0C16g__odTUmGexXoeeh5u5sw\/viewform\" target=\"_blank\" rel=\"noopener\">acceder a trav\u00e9s de este link y dejar el apoyo<\/a>.<\/p><\/blockquote>\n<p>La Mesa indic\u00f3 que busca <strong>\u201cdarle la mayor difusi\u00f3n y trascendencia p\u00fablica a las diferentes instancias del juicio<\/strong> por delitos de lesa humanidad cometidos en la regi\u00f3n centro de la provincia de Buenos Aires\u201d.<\/p>\n<p>Se explic\u00f3 que la iniciativa es paralela a la presentada en 2022: \u201cas\u00ed como en sus inicios la Mesa exigi\u00f3 que este juicio se realizara en su totalidad en Tandil, ahora, al llegar a su conclusi\u00f3n,<strong> exigimos que la sentencia sea le\u00edda en Tandil. Adem\u00e1s, para la etapa de los alegatos de las querellas y la fiscal\u00eda, solicitamos que se permita la transmisi\u00f3n audiovisual\u201d<\/strong>.<\/p>\n<p>El <strong>pr\u00f3ximo viernes 12 se har\u00e1 la presentaci\u00f3n formal de los petitorios<\/strong> en la sede del TOF N\u00b01 de Mar del Plata.<\/p>\n<p><img data-recalc-dims=\"1\" loading=\"lazy\" decoding=\"async\" class=\"size-full wp-image-112255 aligncenter\" src=\"https:\/\/i0.wp.com\/cdnoticias.com\/wp-content\/uploads\/2024\/03\/MarchaMemoriaOlavarria-77.jpg?resize=800%2C531&#038;ssl=1\" alt=\"\" width=\"800\" height=\"531\" srcset=\"https:\/\/i0.wp.com\/cdnoticias.com\/wp-content\/uploads\/2024\/03\/MarchaMemoriaOlavarria-77.jpg?w=1024&amp;ssl=1 1024w, https:\/\/i0.wp.com\/cdnoticias.com\/wp-content\/uploads\/2024\/03\/MarchaMemoriaOlavarria-77.jpg?resize=300%2C199&amp;ssl=1 300w, https:\/\/i0.wp.com\/cdnoticias.com\/wp-content\/uploads\/2024\/03\/MarchaMemoriaOlavarria-77.jpg?resize=768%2C510&amp;ssl=1 768w, https:\/\/i0.wp.com\/cdnoticias.com\/wp-content\/uploads\/2024\/03\/MarchaMemoriaOlavarria-77.jpg?resize=272%2C182&amp;ssl=1 272w\" sizes=\"auto, (max-width: 800px) 100vw, 800px\" \/><\/p>\n<h3>Trascendencia<\/h3>\n<p>En la nota se destac\u00f3 que<strong> \u201ceste juicio tiene trascendencia hist\u00f3rica<\/strong>, es el juicio con m\u00e1s v\u00edctimas e imputados de toda la historia de la regi\u00f3n, y por ello ser\u00eda del todo extra\u00f1o -en el sentido de enajenaci\u00f3n o alienado de su lugar natural- que la sentencias se realizara a distancia\u201d.<\/p>\n<p>Tambi\u00e9n se consider\u00f3 que<strong> \u201ctiene trascendencia period\u00edstica<\/strong> por el tenor de los delitos cometidos, por el derecho a la informaci\u00f3n que asiste a todas y todos los ciudadanos de la regi\u00f3n, m\u00e1xime trat\u00e1ndose de acontecimientos que el propio Estado ocult\u00f3 o tergivers\u00f3, por lo que el extra\u00f1amiento aludido dificultar\u00eda y empobrecer\u00eda la tarea de la prensa y menguar\u00eda el efecto social que la debida publicidad de todo acto de justicia supone\u201d.<\/p>\n<p>M\u00e1s adelante, tambi\u00e9n se valor\u00f3 que <strong>\u201ctiene trascendencia en la subjetividad<\/strong> de v\u00edctimas y familiares porque implica un sentido reparador, extremo que es obligaci\u00f3n asumida por el Estado\u201d.<\/p>\n<p>Finalmente, se indic\u00f3 que<strong> \u201ctiene trascendencia pol\u00edtica.<\/strong> No escapa a la opini\u00f3n p\u00fablica que a pesar de los logros en materia de juzgamiento a responsables del Terrorismo de Estado en el siglo XX en Argentina, de la tarea incansable de los organismos de derechos humanos y de la tarea pedag\u00f3gica de los diferentes niveles de ense\u00f1anza p\u00fablicos, el discurso negacionista ha dejado de ser la expresi\u00f3n de sectores marginales de la democracia, encontr\u00e1ndonos hoy con funcionarios que ocupan cargos expectables a nivel nacional que solapadamente reivindican el Terrorismo de Estado\u201d.<\/p>\n<blockquote><p>Tras la argumentaci\u00f3n se plante\u00f3 que \u201centendemos necesario que la lectura del resultado del proceder estatal, materializada a trav\u00e9s de la sentencia que se dicte en la causa, sea realizada presencialmente en la ciudad de Tandil, lo que as\u00ed dejamos peticionado\u201d.<\/p><\/blockquote>\n","protected":false},"excerpt":{"rendered":"<p>Es un pedido de la Mesa Multisectorial por Memoria, Verdad y Justicia al que se puede adherir. Se presentar\u00e1 el<\/p>\n","protected":false},"author":4,"featured_media":112279,"comment_status":"closed","ping_status":"closed","sticky":false,"template":"","format":"standard","meta":{"_jetpack_memberships_contains_paid_content":false,"footnotes":""},"categories":[5,1],"tags":[],"class_list":["post-120300","post","type-post","status-publish","format-standard","has-post-thumbnail","hentry","category-informacion-general","category-portada"],"jetpack_featured_media_url":"https:\/\/i0.wp.com\/cdnoticias.com\/wp-content\/uploads\/2024\/03\/MarchaMemoriaOlavarria-100.jpg?fit=1024%2C680&ssl=1","jetpack_sharing_enabled":true,"_links":{"self":[{"href":"https:\/\/cdnoticias.com\/index.php\/wp-json\/wp\/v2\/posts\/120300","targetHints":{"allow":["GET"]}}],"collection":[{"href":"https:\/\/cdnoticias.com\/index.php\/wp-json\/wp\/v2\/posts"}],"about":[{"href":"https:\/\/cdnoticias.com\/index.php\/wp-json\/wp\/v2\/types\/post"}],"author":[{"embeddable":true,"href":"https:\/\/cdnoticias.com\/index.php\/wp-json\/wp\/v2\/users\/4"}],"replies":[{"embeddable":true,"href":"https:\/\/cdnoticias.com\/index.php\/wp-json\/wp\/v2\/comments?post=120300"}],"version-history":[{"count":0,"href":"https:\/\/cdnoticias.com\/index.php\/wp-json\/wp\/v2\/posts\/120300\/revisions"}],"wp:featuredmedia":[{"embeddable":true,"href":"https:\/\/cdnoticias.com\/index.php\/wp-json\/wp\/v2\/media\/112279"}],"wp:attachment":[{"href":"https:\/\/cdnoticias.com\/index.php\/wp-json\/wp\/v2\/media?parent=120300"}],"wp:term":[{"taxonomy":"category","embeddable":true,"href":"https:\/\/cdnoticias.com\/index.php\/wp-json\/wp\/v2\/categories?post=120300"},{"taxonomy":"post_tag","embeddable":true,"href":"https:\/\/cdnoticias.com\/index.php\/wp-json\/wp\/v2\/tags?post=120300"}],"curies":[{"name":"wp","href":"https:\/\/api.w.org\/{rel}","templated":true}]}}