{"id":120284,"date":"2024-07-11T11:39:09","date_gmt":"2024-07-11T14:39:09","guid":{"rendered":"https:\/\/cdnoticias.com\/?p=120284"},"modified":"2024-07-11T11:39:11","modified_gmt":"2024-07-11T14:39:11","slug":"la-provincia-lanzo-la-temporada-de-invierno-con-propuestas-turisticas-y-beneficios-imperdibles","status":"publish","type":"post","link":"https:\/\/cdnoticias.com\/index.php\/2024\/07\/11\/la-provincia-lanzo-la-temporada-de-invierno-con-propuestas-turisticas-y-beneficios-imperdibles\/","title":{"rendered":"La Provincia lanz\u00f3 la temporada de invierno con propuestas tur\u00edsticas y beneficios imperdibles"},"content":{"rendered":"<p>Fiestas populares en diferentes regiones, espacios recreativos, eventos con productos destacados y una oferta diversa de atractivos para todos los p\u00fablicos y bolsillos invitan a disfrutar de un invierno bueno, bonito y bonaerense. Durante el receso invernal habr\u00e1 descuentos y cuotas sin inter\u00e9s con Cuenta DNI del Banco Provincia.<!--more--><\/p>\n<hr \/>\n<p>El <strong>Ministerio de Producci\u00f3n, Ciencia e Innovaci\u00f3n Tecnol\u00f3gica de la Provincia<\/strong>, realiz\u00f3 el<strong> lanzamiento de la temporada invernal en la provincia de Buenos Aires<\/strong> con las presencias de la <strong>ministra de Comunicaci\u00f3n P\u00fablica provincial, Jesica Rey<\/strong> y de la <strong>subsecretaria de Turismo bonaerense, Soledad Mart\u00ednez;<\/strong> acompa\u00f1adas por el <strong>presidente de la C\u00e1mara de Turismo de la Provincia, Roberto Rodr\u00edguez<\/strong>, en el marco de la feria Caminos y Sabores en CABA.<\/p>\n<blockquote><p>En vacaciones de invierno, durante m\u00e1s de 30 d\u00edas la Provincia acompa\u00f1ar\u00e1 con juegos, recreaci\u00f3n y beneficios del programa ReCreo a m\u00e1s de quince eventos y fiestas populares que se celebrar\u00e1n en diversos municipios bonaerenses.<\/p><\/blockquote>\n<p><img data-recalc-dims=\"1\" loading=\"lazy\" decoding=\"async\" class=\"size-full wp-image-120289 aligncenter\" src=\"https:\/\/i0.wp.com\/cdnoticias.com\/wp-content\/uploads\/2024\/07\/vacaciones-de-invierno-provincia-03.jpg?resize=800%2C445&#038;ssl=1\" alt=\"\" width=\"800\" height=\"445\" srcset=\"https:\/\/i0.wp.com\/cdnoticias.com\/wp-content\/uploads\/2024\/07\/vacaciones-de-invierno-provincia-03.jpg?w=1000&amp;ssl=1 1000w, https:\/\/i0.wp.com\/cdnoticias.com\/wp-content\/uploads\/2024\/07\/vacaciones-de-invierno-provincia-03.jpg?resize=300%2C167&amp;ssl=1 300w, https:\/\/i0.wp.com\/cdnoticias.com\/wp-content\/uploads\/2024\/07\/vacaciones-de-invierno-provincia-03.jpg?resize=768%2C427&amp;ssl=1 768w, https:\/\/i0.wp.com\/cdnoticias.com\/wp-content\/uploads\/2024\/07\/vacaciones-de-invierno-provincia-03.jpg?resize=800%2C445&amp;ssl=1 800w\" sizes=\"auto, (max-width: 800px) 100vw, 800px\" \/><\/p>\n<p>\u201cAsumimos el desaf\u00edo de dar a conocer todas las alternativas que tiene la provincia de Buenos Aires para estas vacaciones de invierno:<strong> opciones familiares y para todos los bolsillos en sierras, termas, playas y turismo de cercan\u00eda<\/strong>\u201d, expres\u00f3 la ministra Jesica Rey este lunes. Agreg\u00f3:<em> \u201cVamos a seguir acompa\u00f1ando al turismo durante todo el a\u00f1o porque, adem\u00e1s de las experiencias para quienes nos visitan, implica producci\u00f3n y m\u00e1s trabajo para las y los bonaerenses\u201d<\/em>.<\/p>\n<p>A trav\u00e9s de <strong>Cuenta DNI del Banco Provincia<\/strong> se podr\u00e1 acceder a<strong> importantes beneficios para disfrutar del invierno Bueno, Bonito y Bonaerense<\/strong>:<\/p>\n<ul>\n<li><strong>del s\u00e1bado 13 al domingo 28 de julio<\/strong>, habr\u00e1 un 30% de ahorro en<strong> fiestas populares, espect\u00e1culos y entretenimientos<\/strong> con tope de reintegro de hasta $6.000 por transacci\u00f3n.<\/li>\n<li><strong>seis cuotas sin inter\u00e9s<\/strong> en <strong>alojamientos<\/strong><\/li>\n<li>los <strong>s\u00e1bados y domingos de julio<\/strong> habr\u00e1 30% de reintegro en <strong>gastronom\u00eda<\/strong><\/li>\n<li>del<strong> 8 al 28 de julio<\/strong> habr\u00e1 20% de ahorro en la <strong>Feria del Libro Infantil y Juvenil<\/strong><\/li>\n<li>nuevas jornadas con <strong>12 cuotas sin inter\u00e9s en Provincia Compras<\/strong><\/li>\n<li><strong>descuentos todos los d\u00edas<\/strong>: un 10% de ahorro en <strong>transporte de pasajeros<\/strong>, un 15% en <strong>servicios automotores y bicicleter\u00edas<\/strong> y un 10% en <strong>chocolater\u00edas y confiter\u00edas<\/strong><\/li>\n<\/ul>\n<p><img data-recalc-dims=\"1\" loading=\"lazy\" decoding=\"async\" class=\"size-full wp-image-120287 aligncenter\" src=\"https:\/\/i0.wp.com\/cdnoticias.com\/wp-content\/uploads\/2024\/07\/vacaciones-de-invierno-provincia-01.jpg?resize=800%2C445&#038;ssl=1\" alt=\"\" width=\"800\" height=\"445\" srcset=\"https:\/\/i0.wp.com\/cdnoticias.com\/wp-content\/uploads\/2024\/07\/vacaciones-de-invierno-provincia-01.jpg?w=1000&amp;ssl=1 1000w, https:\/\/i0.wp.com\/cdnoticias.com\/wp-content\/uploads\/2024\/07\/vacaciones-de-invierno-provincia-01.jpg?resize=300%2C167&amp;ssl=1 300w, https:\/\/i0.wp.com\/cdnoticias.com\/wp-content\/uploads\/2024\/07\/vacaciones-de-invierno-provincia-01.jpg?resize=768%2C427&amp;ssl=1 768w, https:\/\/i0.wp.com\/cdnoticias.com\/wp-content\/uploads\/2024\/07\/vacaciones-de-invierno-provincia-01.jpg?resize=800%2C445&amp;ssl=1 800w\" sizes=\"auto, (max-width: 800px) 100vw, 800px\" \/><\/p>\n<p>\u201cLa Provincia tiene muchos atractivos para aprovechar en invierno y contamos con<strong> beneficios en gastronom\u00eda, transporte, alojamiento y servicios relacionados a trav\u00e9s del Banco Provincia y Cuenta DNI<\/strong>\u201d, subray\u00f3, por su parte, la subsecretaria Soledad Mart\u00ednez.<\/p>\n<p>Durante el receso invernal, la<strong> delegaci\u00f3n de Turismo en Mar del Plata<\/strong> permanecer\u00e1 abierta de lunes a lunes para recibir consultas y proporcionar informaci\u00f3n tur\u00edstica. Adem\u00e1s, los d\u00edas 13, 14 y 15 de julio,<strong> Turismo de la Provincia se trasladar\u00e1 a Catamarca<\/strong> para dar a conocer sus atractivos imperdibles a nivel federal durante la <strong>Fiesta Nacional del Poncho.<\/strong><\/p>\n<blockquote><p>\u201cEl sector p\u00fablico le pone el hombro a la etapa que nos toca vivir desde el turismo. Es importante el acompa\u00f1amiento de la Provincia, del Banco para todos los prestadores. Las reservas para invierno vienen apareciendo y la Provincia cuenta con muchos atractivos\u201d, asegur\u00f3 Roberto Rodr\u00edguez de la C\u00e1mara de Turismo de la Provincia.<\/p><\/blockquote>\n<p><img data-recalc-dims=\"1\" loading=\"lazy\" decoding=\"async\" class=\"size-full wp-image-120290 aligncenter\" src=\"https:\/\/i0.wp.com\/cdnoticias.com\/wp-content\/uploads\/2024\/07\/vacaciones-de-invierno-provincia-02.jpg?resize=800%2C445&#038;ssl=1\" alt=\"\" width=\"800\" height=\"445\" srcset=\"https:\/\/i0.wp.com\/cdnoticias.com\/wp-content\/uploads\/2024\/07\/vacaciones-de-invierno-provincia-02.jpg?w=1000&amp;ssl=1 1000w, https:\/\/i0.wp.com\/cdnoticias.com\/wp-content\/uploads\/2024\/07\/vacaciones-de-invierno-provincia-02.jpg?resize=300%2C167&amp;ssl=1 300w, https:\/\/i0.wp.com\/cdnoticias.com\/wp-content\/uploads\/2024\/07\/vacaciones-de-invierno-provincia-02.jpg?resize=768%2C427&amp;ssl=1 768w, https:\/\/i0.wp.com\/cdnoticias.com\/wp-content\/uploads\/2024\/07\/vacaciones-de-invierno-provincia-02.jpg?resize=800%2C445&amp;ssl=1 800w\" sizes=\"auto, (max-width: 800px) 100vw, 800px\" \/><\/p>\n<p>Asimismo, el <strong>circuito enotur\u00edstico Vinos Buenos Aires ser\u00e1 protagonista en Catar 2024<\/strong>, el evento organizado por la Asociaci\u00f3n de Sommeliers de la Provincia para el 11 y 12 de julio.<\/p>\n<p>Con propuestas recreativas del <strong>programa ReCreo en los destinos de la Provincia<\/strong>, federalizaci\u00f3n de la oferta tur\u00edstica e instalaci\u00f3n de los productos destacados, el Ministerio de Producci\u00f3n, Ciencia e Innovaci\u00f3n Tecnol\u00f3gica bonaerense impulsa los viajes por la Provincia en el receso invernal y durante todo el a\u00f1o. <em>Promover el turismo es generar m\u00e1s arraigo y m\u00e1s trabajo porque el Turismo es Producci\u00f3n.<\/em><\/p>\n<p>Cabe destacar que la provincia de Buenos Aires cuenta con<strong> un stand en la feria Caminos y Sabores que se desarrolla en La Rural en CABA<\/strong>, en donde <strong>27 productores bonaerenses exponen sus productos<\/strong> y ofrecen m\u00e1s de 100 degustaciones y cocina en vivo, hasta este martes 9 de julio.<\/p>\n<p><iframe loading=\"lazy\" title=\"YouTube video player\" src=\"https:\/\/www.youtube.com\/embed\/-Ir6Xl_ca4Q?si=eHFAI8tK26Tyq1yS\" width=\"560\" height=\"315\" frameborder=\"0\" allowfullscreen=\"allowfullscreen\"><\/iframe><\/p>\n","protected":false},"excerpt":{"rendered":"<p>Fiestas populares en diferentes regiones, espacios recreativos, eventos con productos destacados y una oferta diversa de atractivos para todos los<\/p>\n","protected":false},"author":4,"featured_media":120286,"comment_status":"closed","ping_status":"closed","sticky":false,"template":"","format":"standard","meta":{"_jetpack_memberships_contains_paid_content":false,"footnotes":""},"categories":[6,1],"tags":[],"class_list":["post-120284","post","type-post","status-publish","format-standard","has-post-thumbnail","hentry","category-nacionales","category-portada"],"jetpack_featured_media_url":"https:\/\/i0.wp.com\/cdnoticias.com\/wp-content\/uploads\/2024\/07\/vacacions-de-invierno-provincia-00.jpg?fit=1000%2C556&ssl=1","jetpack_sharing_enabled":true,"_links":{"self":[{"href":"https:\/\/cdnoticias.com\/index.php\/wp-json\/wp\/v2\/posts\/120284","targetHints":{"allow":["GET"]}}],"collection":[{"href":"https:\/\/cdnoticias.com\/index.php\/wp-json\/wp\/v2\/posts"}],"about":[{"href":"https:\/\/cdnoticias.com\/index.php\/wp-json\/wp\/v2\/types\/post"}],"author":[{"embeddable":true,"href":"https:\/\/cdnoticias.com\/index.php\/wp-json\/wp\/v2\/users\/4"}],"replies":[{"embeddable":true,"href":"https:\/\/cdnoticias.com\/index.php\/wp-json\/wp\/v2\/comments?post=120284"}],"version-history":[{"count":0,"href":"https:\/\/cdnoticias.com\/index.php\/wp-json\/wp\/v2\/posts\/120284\/revisions"}],"wp:featuredmedia":[{"embeddable":true,"href":"https:\/\/cdnoticias.com\/index.php\/wp-json\/wp\/v2\/media\/120286"}],"wp:attachment":[{"href":"https:\/\/cdnoticias.com\/index.php\/wp-json\/wp\/v2\/media?parent=120284"}],"wp:term":[{"taxonomy":"category","embeddable":true,"href":"https:\/\/cdnoticias.com\/index.php\/wp-json\/wp\/v2\/categories?post=120284"},{"taxonomy":"post_tag","embeddable":true,"href":"https:\/\/cdnoticias.com\/index.php\/wp-json\/wp\/v2\/tags?post=120284"}],"curies":[{"name":"wp","href":"https:\/\/api.w.org\/{rel}","templated":true}]}}