{"id":120276,"date":"2024-07-09T13:29:35","date_gmt":"2024-07-09T16:29:35","guid":{"rendered":"https:\/\/cdnoticias.com\/?p=120276"},"modified":"2024-07-09T18:00:59","modified_gmt":"2024-07-09T21:00:59","slug":"robaron-un-medidor-de-gas-y-los-arrestaron","status":"publish","type":"post","link":"https:\/\/cdnoticias.com\/index.php\/2024\/07\/09\/robaron-un-medidor-de-gas-y-los-arrestaron\/","title":{"rendered":"Robaron un medidor de gas y los arrestaron"},"content":{"rendered":"<p>Fue este lunes en L\u00edbano al 3100. Los sospechosos, de 17 a 19 a\u00f1os, fueron aprehendidos a pocas cuadras.<!--more--><\/p>\n<hr \/>\n<p>Dos j\u00f3venes fueron<strong> arrestados<\/strong> acusados por el <strong>robo de un medidor de gas<\/strong> en una vivienda de<strong> Rep\u00fablica del L\u00edbano al 3100<\/strong>.<\/p>\n<p>Seg\u00fan se inform\u00f3, el personal del <strong>Comando de Patrullas<\/strong> aprehendi\u00f3 este lunes a los sospechosos en<strong> Moreno y Rep\u00fablica del L\u00edbano<\/strong> a donde se presentaron tras un llamado al <strong>911<\/strong>.<\/p>\n<blockquote><p>La v\u00edctima denunci\u00f3 el robo de un ca\u00f1o de bronce, el cual fue recuperado en poder de los acusados, de 19 y 17 a\u00f1os.<\/p><\/blockquote>\n<p>Los aprehendidos fueron trasladados a la Comisar\u00eda Primera.<strong> El mayor de edad qued\u00f3 alojado en la sede policial<\/strong>, mientras que el menor fue entregado a un mayor responsable.<\/p>\n<p>Las actuaciones fueron caratuladas<strong> \u201churto\u201d<\/strong> con intervenci\u00f3n de la <strong>UFI N\u00ba 17 del Fuero Penal Juvenil<\/strong> a cargo de la fiscal Mariela Viceconte.<\/p>\n","protected":false},"excerpt":{"rendered":"<p>Fue este lunes en L\u00edbano al 3100. Los sospechosos, de 17 a 19 a\u00f1os, fueron aprehendidos a pocas cuadras.<\/p>\n","protected":false},"author":4,"featured_media":120277,"comment_status":"closed","ping_status":"closed","sticky":false,"template":"","format":"standard","meta":{"_jetpack_memberships_contains_paid_content":false,"footnotes":""},"categories":[14,1],"tags":[],"class_list":["post-120276","post","type-post","status-publish","format-standard","has-post-thumbnail","hentry","category-policiales","category-portada"],"jetpack_featured_media_url":"https:\/\/i0.wp.com\/cdnoticias.com\/wp-content\/uploads\/2024\/07\/Libano-3100-a.jpg?fit=800%2C445&ssl=1","jetpack_sharing_enabled":true,"_links":{"self":[{"href":"https:\/\/cdnoticias.com\/index.php\/wp-json\/wp\/v2\/posts\/120276","targetHints":{"allow":["GET"]}}],"collection":[{"href":"https:\/\/cdnoticias.com\/index.php\/wp-json\/wp\/v2\/posts"}],"about":[{"href":"https:\/\/cdnoticias.com\/index.php\/wp-json\/wp\/v2\/types\/post"}],"author":[{"embeddable":true,"href":"https:\/\/cdnoticias.com\/index.php\/wp-json\/wp\/v2\/users\/4"}],"replies":[{"embeddable":true,"href":"https:\/\/cdnoticias.com\/index.php\/wp-json\/wp\/v2\/comments?post=120276"}],"version-history":[{"count":0,"href":"https:\/\/cdnoticias.com\/index.php\/wp-json\/wp\/v2\/posts\/120276\/revisions"}],"wp:featuredmedia":[{"embeddable":true,"href":"https:\/\/cdnoticias.com\/index.php\/wp-json\/wp\/v2\/media\/120277"}],"wp:attachment":[{"href":"https:\/\/cdnoticias.com\/index.php\/wp-json\/wp\/v2\/media?parent=120276"}],"wp:term":[{"taxonomy":"category","embeddable":true,"href":"https:\/\/cdnoticias.com\/index.php\/wp-json\/wp\/v2\/categories?post=120276"},{"taxonomy":"post_tag","embeddable":true,"href":"https:\/\/cdnoticias.com\/index.php\/wp-json\/wp\/v2\/tags?post=120276"}],"curies":[{"name":"wp","href":"https:\/\/api.w.org\/{rel}","templated":true}]}}