{"id":120245,"date":"2024-07-09T10:12:29","date_gmt":"2024-07-09T13:12:29","guid":{"rendered":"https:\/\/cdnoticias.com\/?p=120245"},"modified":"2024-07-09T10:12:31","modified_gmt":"2024-07-09T13:12:31","slug":"milei-y-18-gobernadores-provinciales-firmaron-el-pacto-de-mayo-en-tucuman","status":"publish","type":"post","link":"https:\/\/cdnoticias.com\/index.php\/2024\/07\/09\/milei-y-18-gobernadores-provinciales-firmaron-el-pacto-de-mayo-en-tucuman\/","title":{"rendered":"Milei y 18 gobernadores provinciales firmaron el Pacto de Mayo en Tucum\u00e1n"},"content":{"rendered":"<p>\u201cArgentina se encuentra ante un punto de inflexi\u00f3n. Los puntos de quiebre en la historia de una Naci\u00f3n no son momentos de paz y tranquilidad, son momentos de dificultad y conflicto\u201d defini\u00f3 el Presidente.<!--more--><\/p>\n<hr \/>\n<p>En una g\u00e9lida noche tucumana, y en el marco del 2<strong>08\u00ba aniversario de la independencia argentina<\/strong>, la <strong>Casa Hist\u00f3rica de San Miguel de Tucum\u00e1n<\/strong> fue el escenario donde el <strong>presidente Javier Milei, su hermana Karina Milei, los presidentes de las c\u00e1maras de Senadores y Diputados de la Naci\u00f3n y 18 gobernadores provinciales firmaron el denominado Pacto de Mayo<\/strong>. En la capital tucumana estuvieron los <strong>expresidentes Mauricio Macri y Adolfo Rodr\u00edguez Sa\u00e1, y no as\u00ed los ministros de la Corte Suprema de Justicia.<\/strong><\/p>\n<p>El acto comenz\u00f3 al filo de la medianoche y estuvo <strong>encabezado en su inicio por el presidente Javier Milei y el gobernador tucumano Osvaldo Jaldo<\/strong>, en el exterior de la Casa Hist\u00f3rica. Y a las 12 en punto, en el comienzo del 9 de Julio, se entonaron las estrofas del himno nacional.<\/p>\n<p>Posteriormente, Milei, Jaldo, otros 16 gobernadores y el jefe de Gobierno porte\u00f1o, Jorge Macri, se dirigieron al interior de la Casa Hist\u00f3rica. <strong>El Pacto de Mayo se firm\u00f3 \u201csobre la misma mesa\u201d en la que el 9 de julio de 1816 se firm\u00f3 la Independencia de Argentina<\/strong>.<\/p>\n<blockquote class=\"twitter-tweet\">\n<p dir=\"ltr\" lang=\"es\">El Presidente Javier Milei firm\u00f3 el acta del Pacto de Mayo junto a los Gobernadores Ra\u00fal Jalil (Catamarca), Leandro Zdero (Chaco), Ignacio Torres (Chubut), Jorge Macri (CABA), Mart\u00edn Llaryora (C\u00f3rdoba), Gustavo Vald\u00e9s (Corrientes), Rogelio Frigerio (Entre R\u00edos), Carlos Sadir\u2026 <a href=\"https:\/\/t.co\/m7VL7xAw8Q\">pic.twitter.com\/m7VL7xAw8Q<\/a><\/p>\n<p>\u2014 Oficina del Presidente (@OPRArgentina) <a href=\"https:\/\/twitter.com\/OPRArgentina\/status\/1810518048937324564?ref_src=twsrc%5Etfw\">July 9, 2024<\/a><\/p><\/blockquote>\n<p><script async src=\"https:\/\/platform.twitter.com\/widgets.js\" charset=\"utf-8\"><\/script><\/p>\n<p>Luego de esa firma y de la denominada foto de familia, el presidente Milei y Jaldo encabezaron el <strong>homenaje a los pr\u00f3ceres de la Independencia<\/strong>, tambi\u00e9n dentro de la Casa Hist\u00f3rica. Por \u00faltimo, afuera ya hab\u00eda sido montado el atril donde <strong>el Presidente pronunci\u00f3 su discurso de casi cuarenta minutos<\/strong> de duraci\u00f3n, en el que argument\u00f3 los diez puntos del Pacto.<\/p>\n<blockquote><p>\u201cArgentina se encuentra ante un punto de inflexi\u00f3n. Los puntos de quiebre en la historia de una Naci\u00f3n no son momentos de paz y tranquilidad, son momentos de dificultad y conflicto, donde todo parece cuesta arriba. Son momentos en los que el abismo se hace tan claro que el cambio se convierte en una obligaci\u00f3n y una urgencia\u201d, fueron las primeras palabras de Milei.<\/p><\/blockquote>\n<p><iframe loading=\"lazy\" title=\"YouTube video player\" src=\"https:\/\/www.youtube.com\/embed\/EoUIxDPDNA8?si=579zhsvAKLizfz5u\" width=\"560\" height=\"315\" frameborder=\"0\" allowfullscreen=\"allowfullscreen\"><\/iframe><\/p>\n<h3>Los diez puntos firmados<\/h3>\n<p>1) La inviolabilidad de la propiedad privada<\/p>\n<p>2) El equilibrio fiscal innegociable<\/p>\n<p>3) La reducci\u00f3n del gasto p\u00fablico a niveles hist\u00f3ricos, en torno al 25% del Producto Bruto Interno<\/p>\n<p>4) Una educaci\u00f3n inicial, primaria y secundaria \u00fatil y moderna, con alfabetizaci\u00f3n plena y sin abandono escolar<\/p>\n<p>5) Una reforma tributaria que reduzca la presi\u00f3n impositiva, simplifique la vida de los argentinos promueva el comercio<\/p>\n<p>6) La rediscusi\u00f3n de la coparticipaci\u00f3n federal de impuestos para terminar para siempre con el modelo extorsivo actual que padecen las provincias<\/p>\n<p>7) El compromiso de las provincias argentinas de avanzar en la explotaci\u00f3n de los recursos naturales del pa\u00eds<\/p>\n<p>8) Una reforma laboral moderna que promueva el trabajo formal<\/p>\n<p>9) Una reforma previsional que le d\u00e9 sostenibilidad al sistema y respete a quienes aportaron<\/p>\n<p>10) La apertura al comercio internacional, de manera que la Argentina vuelva a ser protagonista del mercado global.<\/p>\n<blockquote class=\"twitter-tweet\">\n<p dir=\"ltr\" lang=\"es\">El Presidente Javier Milei firm\u00f3 el acta del Pacto de Mayo junto a los Gobernadores Ra\u00fal Jalil (Catamarca), Leandro Zdero (Chaco), Ignacio Torres (Chubut), Jorge Macri (CABA), Mart\u00edn Llaryora (C\u00f3rdoba), Gustavo Vald\u00e9s (Corrientes), Rogelio Frigerio (Entre R\u00edos), Carlos Sadir\u2026 <a href=\"https:\/\/t.co\/m7VL7xAw8Q\">pic.twitter.com\/m7VL7xAw8Q<\/a><\/p>\n<p>\u2014 Oficina del Presidente (@OPRArgentina) <a href=\"https:\/\/twitter.com\/OPRArgentina\/status\/1810518048937324564?ref_src=twsrc%5Etfw\">July 9, 2024<\/a><\/p><\/blockquote>\n<p><script async src=\"https:\/\/platform.twitter.com\/widgets.js\" charset=\"utf-8\"><\/script><\/p>\n<p>Firmaron el gobernador de Tucum\u00e1n, Osvaldo Jaldo; Bartolom\u00e9 Abdala, presidente provisional del Senado; Mart\u00edn Menem, presidente de la C\u00e1mara de Diputados; Secretar\u00eda General de la Presidencia, Karina Milei; gobernador de Catamarca, Ra\u00fal Jalil; de Chaco, Leandro Zdero; de Chubut, Ignacio Torres; de Buenos Aires, Jorge Macri; de C\u00f3rdoba, Mart\u00edn Llaryora; de Corrientes, Gustavo Valdez; de Entre R\u00edos, Rogerio Frigerio; de Jujuy, Carlos Sadir; de Mendoza, Alfredo Cornejo; de Misiones, Hugo Passalacqua; de Neuqu\u00e9n, Rolando Figueroa; de R\u00edo Negro, Alberto Weretilneck; de Salta, Gustavo S\u00e1enz; de San Juan, Marcelo Orrego; de San Luis, Claudio Poggi; Santa Fe, Maximiliano Pullaro; de Santiago del Estero, Gerardo Zamora; y por \u00faltimo el presidente Javier Milei.<\/p>\n<p>Fuente: Agencia DIB<\/p>\n","protected":false},"excerpt":{"rendered":"<p>\u201cArgentina se encuentra ante un punto de inflexi\u00f3n. Los puntos de quiebre en la historia de una Naci\u00f3n no son<\/p>\n","protected":false},"author":4,"featured_media":120247,"comment_status":"closed","ping_status":"closed","sticky":false,"template":"","format":"standard","meta":{"_jetpack_memberships_contains_paid_content":false,"footnotes":""},"categories":[6,1],"tags":[],"class_list":["post-120245","post","type-post","status-publish","format-standard","has-post-thumbnail","hentry","category-nacionales","category-portada"],"jetpack_featured_media_url":"https:\/\/i0.wp.com\/cdnoticias.com\/wp-content\/uploads\/2024\/07\/DIB-milei-pacto-de-mayo.jpg?fit=696%2C392&ssl=1","jetpack_sharing_enabled":true,"_links":{"self":[{"href":"https:\/\/cdnoticias.com\/index.php\/wp-json\/wp\/v2\/posts\/120245","targetHints":{"allow":["GET"]}}],"collection":[{"href":"https:\/\/cdnoticias.com\/index.php\/wp-json\/wp\/v2\/posts"}],"about":[{"href":"https:\/\/cdnoticias.com\/index.php\/wp-json\/wp\/v2\/types\/post"}],"author":[{"embeddable":true,"href":"https:\/\/cdnoticias.com\/index.php\/wp-json\/wp\/v2\/users\/4"}],"replies":[{"embeddable":true,"href":"https:\/\/cdnoticias.com\/index.php\/wp-json\/wp\/v2\/comments?post=120245"}],"version-history":[{"count":0,"href":"https:\/\/cdnoticias.com\/index.php\/wp-json\/wp\/v2\/posts\/120245\/revisions"}],"wp:featuredmedia":[{"embeddable":true,"href":"https:\/\/cdnoticias.com\/index.php\/wp-json\/wp\/v2\/media\/120247"}],"wp:attachment":[{"href":"https:\/\/cdnoticias.com\/index.php\/wp-json\/wp\/v2\/media?parent=120245"}],"wp:term":[{"taxonomy":"category","embeddable":true,"href":"https:\/\/cdnoticias.com\/index.php\/wp-json\/wp\/v2\/categories?post=120245"},{"taxonomy":"post_tag","embeddable":true,"href":"https:\/\/cdnoticias.com\/index.php\/wp-json\/wp\/v2\/tags?post=120245"}],"curies":[{"name":"wp","href":"https:\/\/api.w.org\/{rel}","templated":true}]}}