{"id":120226,"date":"2024-07-19T13:07:01","date_gmt":"2024-07-19T16:07:01","guid":{"rendered":"https:\/\/cdnoticias.com\/?p=120226"},"modified":"2024-07-19T13:07:03","modified_gmt":"2024-07-19T16:07:03","slug":"taller-de-caligrafia-inglesa-en-la-biblioteca-popular-armando-collinet","status":"publish","type":"post","link":"https:\/\/cdnoticias.com\/index.php\/2024\/07\/19\/taller-de-caligrafia-inglesa-en-la-biblioteca-popular-armando-collinet\/","title":{"rendered":"Taller de Caligraf\u00eda Inglesa en la Biblioteca Popular Armando Collinet"},"content":{"rendered":"\n<p>Ser\u00e1 coordinado por la Cal\u00edgrafa P\u00fablica Nacional, Anal\u00eda Etcheverry. Inicia en agosto y ya se encuentra abierta la inscripci\u00f3n.<\/p>\n\n\n\n<hr class=\"wp-block-separator aligncenter has-alpha-channel-opacity\"\/>\n\n\n\n<p>La Cal\u00edgrafa P\u00fablica Nacional, <strong>Anal\u00eda Etcheverry brindar\u00e1 un taller de Caligraf\u00eda Inglesa<\/strong> en la <strong>Biblioteca Popular Armando Collinet.<\/strong><\/p>\n\n\n\n<p><\/p>\n\n\n\n<blockquote class=\"wp-block-quote is-layout-flow wp-block-quote-is-layout-flow\">\n<p>El taller iniciar\u00e1 en el mes de agosto y ya se encuentra abierta la inscripci\u00f3n. Se desarrollar\u00e1 los d\u00edas jueves de 16:00 a 17:30 horas, en Alsina 2659. La actividad es arancelada y cuenta con cupos limitados, por lo que se requiere de una previa inscripci\u00f3n.<\/p>\n<\/blockquote>\n\n\n\n<p><\/p>\n\n\n\n<p>En esta oportunidad, se trabajar\u00e1 con caligraf\u00eda inglesa, que \u201c<strong><em>se caracteriza por su fluidez, delicadeza y belleza ornamental. Es una danza de trazos rectos y curvos que forman letras armoniosas y adornadas\u201d<\/em><\/strong> expres\u00f3 Etcheverry.<\/p>\n\n\n\n<p><\/p>\n\n\n\n<p>Asimismo, indic\u00f3 que en el taller \u201caprender\u00e1n a sostener correctamente la pluma, dominar\u00e1n los trazos b\u00e1sicos y la formaci\u00f3n de las letras en min\u00fasculas y may\u00fasculas, se familiarizar\u00e1n con la conexi\u00f3n de letras para formar palabras y frases fluidas\u201d.<\/p>\n\n\n\n<p><\/p>\n\n\n\n<blockquote class=\"wp-block-quote is-layout-flow wp-block-quote-is-layout-flow\">\n<p>Adem\u00e1s, \u201cpracticar\u00e1n el control de la presi\u00f3n para crear trazos finos y gruesos, dominar\u00e1n la inclinaci\u00f3n uniforme de las letras para lograr un flujo armonioso y elegante en su escritura\u201d, cont\u00f3 la Cal\u00edgrafa P\u00fablica Nacional.\u00a0<\/p>\n<\/blockquote>\n\n\n\n<p><\/p>\n\n\n\n<p>Por otro lado, aclar\u00f3 que quienes participen de la actividad, <strong>recibir\u00e1n de regalo una pluma y su respectivo porta pluma, <\/strong>para que puedan \u201cseguir practicando desde sus casas\u201d. <\/p>\n\n\n\n<p><\/p>\n\n\n\n<p>Para m\u00e1s informaci\u00f3n del taller de caligraf\u00eda inglesa o para reservar lugar, acercarse a Alsina 2659 de lunes a viernes de 9 a 12 y de 14 a 18 horas.<\/p>\n\n\n\n<p><\/p>\n\n\n\n<p>Adem\u00e1s se podr\u00e1n comunicar a trav\u00e9s de los siguientes medios: WhatsApp: 2284 545589; Tel\u00e9fono: 418654 Facebook: Biblioteca Popular Armando Collinet Instagram: biblio_armando_collinet Correo electr\u00f3nico: biblioarmandocollinet@hotmail.com<\/p>\n\n\n\n<p><\/p>\n","protected":false},"excerpt":{"rendered":"<p>Ser\u00e1 coordinado por la Cal\u00edgrafa P\u00fablica Nacional, Anal\u00eda Etcheverry. Inicia en agosto y ya se encuentra abierta la inscripci\u00f3n. La<\/p>\n","protected":false},"author":6,"featured_media":115700,"comment_status":"closed","ping_status":"closed","sticky":false,"template":"","format":"standard","meta":{"_jetpack_memberships_contains_paid_content":false,"footnotes":""},"categories":[9,1],"tags":[],"class_list":["post-120226","post","type-post","status-publish","format-standard","has-post-thumbnail","hentry","category-cultura","category-portada"],"jetpack_featured_media_url":"https:\/\/i0.wp.com\/cdnoticias.com\/wp-content\/uploads\/2024\/05\/Biblioteca-Popular-Armando-Collinet.jpeg?fit=800%2C450&ssl=1","jetpack_sharing_enabled":true,"_links":{"self":[{"href":"https:\/\/cdnoticias.com\/index.php\/wp-json\/wp\/v2\/posts\/120226","targetHints":{"allow":["GET"]}}],"collection":[{"href":"https:\/\/cdnoticias.com\/index.php\/wp-json\/wp\/v2\/posts"}],"about":[{"href":"https:\/\/cdnoticias.com\/index.php\/wp-json\/wp\/v2\/types\/post"}],"author":[{"embeddable":true,"href":"https:\/\/cdnoticias.com\/index.php\/wp-json\/wp\/v2\/users\/6"}],"replies":[{"embeddable":true,"href":"https:\/\/cdnoticias.com\/index.php\/wp-json\/wp\/v2\/comments?post=120226"}],"version-history":[{"count":0,"href":"https:\/\/cdnoticias.com\/index.php\/wp-json\/wp\/v2\/posts\/120226\/revisions"}],"wp:featuredmedia":[{"embeddable":true,"href":"https:\/\/cdnoticias.com\/index.php\/wp-json\/wp\/v2\/media\/115700"}],"wp:attachment":[{"href":"https:\/\/cdnoticias.com\/index.php\/wp-json\/wp\/v2\/media?parent=120226"}],"wp:term":[{"taxonomy":"category","embeddable":true,"href":"https:\/\/cdnoticias.com\/index.php\/wp-json\/wp\/v2\/categories?post=120226"},{"taxonomy":"post_tag","embeddable":true,"href":"https:\/\/cdnoticias.com\/index.php\/wp-json\/wp\/v2\/tags?post=120226"}],"curies":[{"name":"wp","href":"https:\/\/api.w.org\/{rel}","templated":true}]}}