{"id":120220,"date":"2024-07-31T08:17:39","date_gmt":"2024-07-31T11:17:39","guid":{"rendered":"https:\/\/cdnoticias.com\/?p=120220"},"modified":"2024-07-31T08:17:41","modified_gmt":"2024-07-31T11:17:41","slug":"homenaje-a-soda-stereo-y-cerati-junto-a-caja-negra","status":"publish","type":"post","link":"https:\/\/cdnoticias.com\/index.php\/2024\/07\/31\/homenaje-a-soda-stereo-y-cerati-junto-a-caja-negra\/","title":{"rendered":"\u201cHomenaje a Soda Stereo y Cerati\u201d junto a Caja Negra"},"content":{"rendered":"\n<p>El espect\u00e1culo ser\u00e1 el s\u00e1bado 10 de agosto en el Teatro Municipal. Entradas a la venta.<\/p>\n\n\n\n<hr class=\"wp-block-separator aligncenter has-alpha-channel-opacity\"\/>\n\n\n\n<p>El <strong>s\u00e1bado 10 de agosto, a las 21 horas<\/strong>, <strong>Caja Negra vuelve al Teatro Municipal <\/strong>para que el p\u00fablico pueda volver a disfrutar del <strong>recital homenaje a Soda Stereo y Gustavo Cerati.<\/strong><\/p>\n\n\n\n<p><\/p>\n\n\n\n<p>La banda se form\u00f3 en el 2018, usando el formato en vivo de la \u00faltima banda de Gustavo Cerati. En estos a\u00f1os logr\u00f3 ubicar el homenaje en otros tipos de escenarios, tocando junto a las bandas: <strong>Ella Es Tan Cargosa y Juanse.<\/strong><\/p>\n\n\n\n<p><\/p>\n\n\n\n<p>En diciembre del 2023 <strong>realizaron un show junto a Fernando Samalea<\/strong> (baterista de Cerati en Ah\u00ed Vamos y Fuerza Natural, tambi\u00e9n hist\u00f3rico baterista de Charly Garc\u00eda y Fito P\u00e1ez.)\u00a0<\/p>\n\n\n\n<p><\/p>\n\n\n\n<blockquote class=\"wp-block-quote is-layout-flow wp-block-quote-is-layout-flow\">\n<p>Pocos d\u00edas despu\u00e9s fueron elegidos por Dani Gim\u00e9nez (hist\u00f3rico periodista de la revista Rollings Stones y Vorterix) para cerrar la muestra de fotos de Andy Cherniavsky (fot\u00f3grafa de Soda Stereo y Gustavo Cerati).<\/p>\n<\/blockquote>\n\n\n\n<p><\/p>\n\n\n\n<p>Paralelamente con este mismo formato <strong>brindaron dos shows sinf\u00f3nicos homenaje a Soda con la Orquesta Sinf\u00f3nica Municipal \u201cMtro. Mario Patan\u00e9<\/strong>\u201d colmando el Teatro Municipal con 900 personas, e iniciando una gira teatral por la provincia.<\/p>\n\n\n\n<p><\/p>\n\n\n\n<p>La gira comenz\u00f3 en el Teatro Espa\u00f1ol de Azul (sold out) siguiendo por Lober\u00eda, Bol\u00edvar, Balcarce, Olavarr\u00eda y Coronel Su\u00e1rez, y la segunda mitad del a\u00f1o por Mendoza.<\/p>\n\n\n\n<p><\/p>\n\n\n\n<p>Caja Negra est\u00e1 integrado por Tati Freites (voz y guitarras), Federico Lapieza (teclados voces y sampleos), Eduardo Grave (1\u00ba guitarra), Diego Chantiri (bater\u00eda y sampleos) y Roberto Bonifacio (bajo).<\/p>\n\n\n\n<p><\/p>\n\n\n\n<p>Entrada general sin numerar:<\/p>\n\n\n\n<ul class=\"wp-block-list\">\n<li>Venta en Tecnocentro (Rivadavia 3065) en efectivo: $ 5500. <\/li>\n\n\n\n<li>Venta online www.articket.com.ar con cr\u00e9dito y d\u00e9bito: $ 5750.<\/li>\n<\/ul>\n","protected":false},"excerpt":{"rendered":"<p>El espect\u00e1culo ser\u00e1 el s\u00e1bado 10 de agosto en el Teatro Municipal. Entradas a la venta. El s\u00e1bado 10 de<\/p>\n","protected":false},"author":6,"featured_media":120221,"comment_status":"closed","ping_status":"closed","sticky":false,"template":"","format":"standard","meta":{"_jetpack_memberships_contains_paid_content":false,"footnotes":""},"categories":[9,1],"tags":[],"class_list":["post-120220","post","type-post","status-publish","format-standard","has-post-thumbnail","hentry","category-cultura","category-portada"],"jetpack_featured_media_url":"https:\/\/i0.wp.com\/cdnoticias.com\/wp-content\/uploads\/2024\/07\/caja-negra.png?fit=1022%2C425&ssl=1","jetpack_sharing_enabled":true,"_links":{"self":[{"href":"https:\/\/cdnoticias.com\/index.php\/wp-json\/wp\/v2\/posts\/120220","targetHints":{"allow":["GET"]}}],"collection":[{"href":"https:\/\/cdnoticias.com\/index.php\/wp-json\/wp\/v2\/posts"}],"about":[{"href":"https:\/\/cdnoticias.com\/index.php\/wp-json\/wp\/v2\/types\/post"}],"author":[{"embeddable":true,"href":"https:\/\/cdnoticias.com\/index.php\/wp-json\/wp\/v2\/users\/6"}],"replies":[{"embeddable":true,"href":"https:\/\/cdnoticias.com\/index.php\/wp-json\/wp\/v2\/comments?post=120220"}],"version-history":[{"count":0,"href":"https:\/\/cdnoticias.com\/index.php\/wp-json\/wp\/v2\/posts\/120220\/revisions"}],"wp:featuredmedia":[{"embeddable":true,"href":"https:\/\/cdnoticias.com\/index.php\/wp-json\/wp\/v2\/media\/120221"}],"wp:attachment":[{"href":"https:\/\/cdnoticias.com\/index.php\/wp-json\/wp\/v2\/media?parent=120220"}],"wp:term":[{"taxonomy":"category","embeddable":true,"href":"https:\/\/cdnoticias.com\/index.php\/wp-json\/wp\/v2\/categories?post=120220"},{"taxonomy":"post_tag","embeddable":true,"href":"https:\/\/cdnoticias.com\/index.php\/wp-json\/wp\/v2\/tags?post=120220"}],"curies":[{"name":"wp","href":"https:\/\/api.w.org\/{rel}","templated":true}]}}