{"id":120207,"date":"2024-07-08T19:12:46","date_gmt":"2024-07-08T22:12:46","guid":{"rendered":"https:\/\/cdnoticias.com\/?p=120207"},"modified":"2024-07-08T19:12:48","modified_gmt":"2024-07-08T22:12:48","slug":"legislatura-proponen-que-jubilados-y-pensionados-con-haberes-minimos-no-paguen-vtv","status":"publish","type":"post","link":"https:\/\/cdnoticias.com\/index.php\/2024\/07\/08\/legislatura-proponen-que-jubilados-y-pensionados-con-haberes-minimos-no-paguen-vtv\/","title":{"rendered":"Legislatura: proponen que jubilados y pensionados con haberes m\u00ednimos no paguen VTV"},"content":{"rendered":"<p>El senador bonaerense Ariel Mart\u00ednez Bordaisco present\u00f3 un proyecto. Busca ayudar a ese sector en medio de la crisis econ\u00f3mica nacional.<!--more--><\/p>\n<hr \/>\n<p>El <strong>senador bonaerense Ariel Mart\u00ednez Bordaisco (UCR + Cambio Federal)<\/strong> present\u00f3 un <strong>proyecto de ley en la Legislatura<\/strong> con el objetivo de que se <strong>exima del pago de la Verificaci\u00f3n T\u00e9cnica Vehicular (VTV) a los jubilados y pensionados que perciben los haberes m\u00ednimos.<\/strong><\/p>\n<p>En medio de la crisis econ\u00f3mica nacional, la iniciativa contempla a todos los jubilados y pensionados mayores de 65 a\u00f1os, <strong>titulares de un veh\u00edculo, y que perciban hasta dos haberes m\u00ednimos jubilatorios en la provincia<\/strong> de Buenos Aires.<\/p>\n<p><em>\u201cTenemos que brindar asistencia a los que menos tienen, pero tambi\u00e9n es rol del Estado cuidar la integridad f\u00edsica de las personas, por lo que los controles vehiculares son de suma importancia\u201d<\/em>, sostuvo Bordaisco.<\/p>\n<blockquote><p>El legislador advirti\u00f3 que \u201cmuchos jubilados y pensionados enfrentan dificultades para cumplir con VTV\u201d. \u201cLas personas que viven en el interior del distrito deben trasladarse a la cabecera del mismo o incluso a otro distrito para realizar la inspecci\u00f3n si su vencimiento es inminente, lo que conlleva gastos adicionales\u201d, agreg\u00f3.<\/p><\/blockquote>\n<p>Por \u00faltimo, el senador sostuvo que \u201ctenemos que acompa\u00f1ar a los adultos mayores que han tenido un rol fundamental en el desarrollo de nuestra provincia y que hoy tienen dificultades para llegar a fin de mes\u201d.<\/p>\n<p>Fuente: <em>Agencia DIB<\/em><\/p>\n","protected":false},"excerpt":{"rendered":"<p>El senador bonaerense Ariel Mart\u00ednez Bordaisco present\u00f3 un proyecto. Busca ayudar a ese sector en medio de la crisis econ\u00f3mica<\/p>\n","protected":false},"author":4,"featured_media":117315,"comment_status":"closed","ping_status":"closed","sticky":false,"template":"","format":"standard","meta":{"_jetpack_memberships_contains_paid_content":false,"footnotes":""},"categories":[6,1],"tags":[],"class_list":["post-120207","post","type-post","status-publish","format-standard","has-post-thumbnail","hentry","category-nacionales","category-portada"],"jetpack_featured_media_url":"https:\/\/i0.wp.com\/cdnoticias.com\/wp-content\/uploads\/2024\/05\/VTV-01.jpg?fit=1000%2C555&ssl=1","jetpack_sharing_enabled":true,"_links":{"self":[{"href":"https:\/\/cdnoticias.com\/index.php\/wp-json\/wp\/v2\/posts\/120207","targetHints":{"allow":["GET"]}}],"collection":[{"href":"https:\/\/cdnoticias.com\/index.php\/wp-json\/wp\/v2\/posts"}],"about":[{"href":"https:\/\/cdnoticias.com\/index.php\/wp-json\/wp\/v2\/types\/post"}],"author":[{"embeddable":true,"href":"https:\/\/cdnoticias.com\/index.php\/wp-json\/wp\/v2\/users\/4"}],"replies":[{"embeddable":true,"href":"https:\/\/cdnoticias.com\/index.php\/wp-json\/wp\/v2\/comments?post=120207"}],"version-history":[{"count":0,"href":"https:\/\/cdnoticias.com\/index.php\/wp-json\/wp\/v2\/posts\/120207\/revisions"}],"wp:featuredmedia":[{"embeddable":true,"href":"https:\/\/cdnoticias.com\/index.php\/wp-json\/wp\/v2\/media\/117315"}],"wp:attachment":[{"href":"https:\/\/cdnoticias.com\/index.php\/wp-json\/wp\/v2\/media?parent=120207"}],"wp:term":[{"taxonomy":"category","embeddable":true,"href":"https:\/\/cdnoticias.com\/index.php\/wp-json\/wp\/v2\/categories?post=120207"},{"taxonomy":"post_tag","embeddable":true,"href":"https:\/\/cdnoticias.com\/index.php\/wp-json\/wp\/v2\/tags?post=120207"}],"curies":[{"name":"wp","href":"https:\/\/api.w.org\/{rel}","templated":true}]}}