{"id":120159,"date":"2024-07-08T08:25:01","date_gmt":"2024-07-08T11:25:01","guid":{"rendered":"https:\/\/cdnoticias.com\/?p=120159"},"modified":"2024-07-08T12:36:45","modified_gmt":"2024-07-08T15:36:45","slug":"celeste-arouxet-se-mostro-con-karina-milei-martin-menem-y-sebastian-pareja","status":"publish","type":"post","link":"https:\/\/cdnoticias.com\/index.php\/2024\/07\/08\/celeste-arouxet-se-mostro-con-karina-milei-martin-menem-y-sebastian-pareja\/","title":{"rendered":"Celeste Arouxet se mostr\u00f3 con Karina Milei, Mart\u00edn Menem y Sebasti\u00e1n Pareja"},"content":{"rendered":"\n<p>La coordinadora distrital de La Libertad Avanza estuvo, junto a una comitiva de la Secci\u00f3n, en el evento de afiliaci\u00f3n masiva del partido.<\/p>\n\n\n\n<hr class=\"wp-block-separator aligncenter has-alpha-channel-opacity\"\/>\n\n\n\n<p>Este s\u00e1bado, en el partido bonaerense de Mor\u00f3n,<strong> la referente local de La Libertad Avanza, Celeste Arouxet, encabez\u00f3 una comitiva de la que particip\u00f3 en la actividad de afiliaci\u00f3n masiva \u201cSi la ves, af\u00edliate\u201d en busca de la personer\u00eda jur\u00eddica del partido a nivel bonaerense.<\/strong><\/p>\n\n\n\n<p>Participaron dirigentes, legisladores y <strong>Arouxet \u2013titular regional de Anses- que se mostr\u00f3 junto a la Secretaria de Presidencia, Karina Milei, el presidente de la C\u00e1mara de Diputados de la Naci\u00f3n, Mart\u00edn Menem, el armador bonaerense Sebasti\u00e1n Pareja,<\/strong> entre otros dirigentes presentes, como los legisladores Lilia Lemoine y el bonaerense Agust\u00edn Romo.<\/p>\n\n\n\n<p><em><strong>\u201cFue una jornada colmada de muy gratas sorpresas y excelentes charlas con representantes\u201d <\/strong><\/em>indicaron en redes sociales, donde ratificaron que la actividad <em><strong>\u201cafianzar\u00e1 sin dudas no s\u00f3lo el partido a nivel nacional, sino tambi\u00e9n a nivel local\u201d.<\/strong><\/em><\/p>\n\n\n\n<p>Cabe se\u00f1alar que <strong>la jornada de afiliaci\u00f3n recolect\u00f3 m\u00e1s de 4 mil adhesiones para presentar ante la Justicia Electoral y, as\u00ed, poder tener aval oficial para que La Libertad Avanza tenga personer\u00eda jur\u00eddica en la Provincia.<\/strong> El objetivo es obtener el sello oficial en todos los distritos del pa\u00eds.<\/p>\n","protected":false},"excerpt":{"rendered":"<p>La coordinadora distrital de La Libertad Avanza estuvo, junto a una comitiva de la Secci\u00f3n, en el evento de afiliaci\u00f3n<\/p>\n","protected":false},"author":2,"featured_media":120141,"comment_status":"closed","ping_status":"closed","sticky":false,"template":"","format":"standard","meta":{"_jetpack_memberships_contains_paid_content":false,"footnotes":""},"categories":[4,1],"tags":[],"class_list":["post-120159","post","type-post","status-publish","format-standard","has-post-thumbnail","hentry","category-politica","category-portada"],"jetpack_featured_media_url":"https:\/\/i0.wp.com\/cdnoticias.com\/wp-content\/uploads\/2024\/07\/WhatsApp-Image-2024-07-07-at-01.26.34.jpeg?fit=1079%2C787&ssl=1","jetpack_sharing_enabled":true,"_links":{"self":[{"href":"https:\/\/cdnoticias.com\/index.php\/wp-json\/wp\/v2\/posts\/120159","targetHints":{"allow":["GET"]}}],"collection":[{"href":"https:\/\/cdnoticias.com\/index.php\/wp-json\/wp\/v2\/posts"}],"about":[{"href":"https:\/\/cdnoticias.com\/index.php\/wp-json\/wp\/v2\/types\/post"}],"author":[{"embeddable":true,"href":"https:\/\/cdnoticias.com\/index.php\/wp-json\/wp\/v2\/users\/2"}],"replies":[{"embeddable":true,"href":"https:\/\/cdnoticias.com\/index.php\/wp-json\/wp\/v2\/comments?post=120159"}],"version-history":[{"count":0,"href":"https:\/\/cdnoticias.com\/index.php\/wp-json\/wp\/v2\/posts\/120159\/revisions"}],"wp:featuredmedia":[{"embeddable":true,"href":"https:\/\/cdnoticias.com\/index.php\/wp-json\/wp\/v2\/media\/120141"}],"wp:attachment":[{"href":"https:\/\/cdnoticias.com\/index.php\/wp-json\/wp\/v2\/media?parent=120159"}],"wp:term":[{"taxonomy":"category","embeddable":true,"href":"https:\/\/cdnoticias.com\/index.php\/wp-json\/wp\/v2\/categories?post=120159"},{"taxonomy":"post_tag","embeddable":true,"href":"https:\/\/cdnoticias.com\/index.php\/wp-json\/wp\/v2\/tags?post=120159"}],"curies":[{"name":"wp","href":"https:\/\/api.w.org\/{rel}","templated":true}]}}