{"id":120109,"date":"2024-07-06T19:24:04","date_gmt":"2024-07-06T22:24:04","guid":{"rendered":"https:\/\/cdnoticias.com\/?p=120109"},"modified":"2024-07-06T19:24:06","modified_gmt":"2024-07-06T22:24:06","slug":"genero-disturbios-en-la-via-publica-y-fue-apresado-por-la-policia","status":"publish","type":"post","link":"https:\/\/cdnoticias.com\/index.php\/2024\/07\/06\/genero-disturbios-en-la-via-publica-y-fue-apresado-por-la-policia\/","title":{"rendered":"Gener\u00f3 disturbios en la v\u00eda p\u00fablica y fue apresado por la polic\u00eda"},"content":{"rendered":"\n<p>Fue este s\u00e1bado, en pleno microcentro. Estaba ebrio e incitaba a pelear a los transe\u00fantes.<\/p>\n\n\n\n<hr class=\"wp-block-separator aligncenter has-alpha-channel-opacity\"\/>\n\n\n\n<p>Este s\u00e1bado,<strong> personal del Comando de Patrullas aprehendi\u00f3 a un hombre de 38 a\u00f1os que gener\u00f3 disturbios en pleno microcentro de la ciudad.<\/strong><\/p>\n\n\n\n<p>Seg\u00fan lo explicado, <strong>el hecho se produjo en Rivadavia y San Mart\u00edn, cuando el hombre, en estado de ebriedad, incitaba a pelear a los transe\u00fantes, entre otros disturbios.<\/strong><\/p>\n\n\n\n<p>Tras certificar el hecho, <strong>el personal policial lo aprehendi\u00f3 y traslad\u00f3 a la Comisar\u00eda Primera.<\/strong><\/p>\n\n\n\n<p>Ahora, enfrenta cargos por<strong> infraccionar los art\u00edculos 35, 72 y 74 inciso A de la Ley 8031\/73,<\/strong> con intervenci\u00f3n del Juzgado Correccional. \u00a0\u00a0<\/p>\n","protected":false},"excerpt":{"rendered":"<p>Fue este s\u00e1bado, en pleno microcentro. Estaba ebrio e incitaba a pelear a los transe\u00fantes. Este s\u00e1bado, personal del Comando<\/p>\n","protected":false},"author":2,"featured_media":120110,"comment_status":"closed","ping_status":"closed","sticky":false,"template":"","format":"standard","meta":{"_jetpack_memberships_contains_paid_content":false,"footnotes":""},"categories":[14,1],"tags":[],"class_list":["post-120109","post","type-post","status-publish","format-standard","has-post-thumbnail","hentry","category-policiales","category-portada"],"jetpack_featured_media_url":"https:\/\/i0.wp.com\/cdnoticias.com\/wp-content\/uploads\/2024\/07\/WhatsApp-Image-2024-07-06-at-13.18.46.jpeg?fit=960%2C480&ssl=1","jetpack_sharing_enabled":true,"_links":{"self":[{"href":"https:\/\/cdnoticias.com\/index.php\/wp-json\/wp\/v2\/posts\/120109","targetHints":{"allow":["GET"]}}],"collection":[{"href":"https:\/\/cdnoticias.com\/index.php\/wp-json\/wp\/v2\/posts"}],"about":[{"href":"https:\/\/cdnoticias.com\/index.php\/wp-json\/wp\/v2\/types\/post"}],"author":[{"embeddable":true,"href":"https:\/\/cdnoticias.com\/index.php\/wp-json\/wp\/v2\/users\/2"}],"replies":[{"embeddable":true,"href":"https:\/\/cdnoticias.com\/index.php\/wp-json\/wp\/v2\/comments?post=120109"}],"version-history":[{"count":0,"href":"https:\/\/cdnoticias.com\/index.php\/wp-json\/wp\/v2\/posts\/120109\/revisions"}],"wp:featuredmedia":[{"embeddable":true,"href":"https:\/\/cdnoticias.com\/index.php\/wp-json\/wp\/v2\/media\/120110"}],"wp:attachment":[{"href":"https:\/\/cdnoticias.com\/index.php\/wp-json\/wp\/v2\/media?parent=120109"}],"wp:term":[{"taxonomy":"category","embeddable":true,"href":"https:\/\/cdnoticias.com\/index.php\/wp-json\/wp\/v2\/categories?post=120109"},{"taxonomy":"post_tag","embeddable":true,"href":"https:\/\/cdnoticias.com\/index.php\/wp-json\/wp\/v2\/tags?post=120109"}],"curies":[{"name":"wp","href":"https:\/\/api.w.org\/{rel}","templated":true}]}}