{"id":120103,"date":"2024-07-06T17:33:15","date_gmt":"2024-07-06T20:33:15","guid":{"rendered":"https:\/\/cdnoticias.com\/?p=120103"},"modified":"2024-07-07T09:01:09","modified_gmt":"2024-07-07T12:01:09","slug":"intento-robar-una-camioneta-mientras-el-dueno-estaba-en-un-comercio-termino-preso","status":"publish","type":"post","link":"https:\/\/cdnoticias.com\/index.php\/2024\/07\/06\/intento-robar-una-camioneta-mientras-el-dueno-estaba-en-un-comercio-termino-preso\/","title":{"rendered":"Intent\u00f3 robar una camioneta mientras el due\u00f1o estaba en un comercio: termin\u00f3 preso"},"content":{"rendered":"\n<p>Fue en Emiliozzi y Calle 118. Da\u00f1\u00f3 el contactor de llave e intent\u00f3 llev\u00e1rsela. Intervino Comando de Patrullas.<\/p>\n\n\n\n<hr class=\"wp-block-separator aligncenter has-alpha-channel-opacity\"\/>\n\n\n\n<p>En la ma\u00f1ana de este s\u00e1bado,<strong> un joven de 28 a\u00f1os fue aprehendido por personal policial tras ser sorprendido intentando robar la camioneta de un hombre que estaba dentro de un comercio.<\/strong><\/p>\n\n\n\n<p><strong>El hecho se produjo en avenida Emiliozzi y Calle 118,<\/strong> cuando un joven domiciliado en Sierras Bayas ingres\u00f3 a la camioneta, marca Ford, e intent\u00f3 encenderla da\u00f1ando el contactor de arranque. Mientras tanto, el due\u00f1o se encontraba en un comercio del lugar. <\/p>\n\n\n\n<p><strong>Fue sorprendido por el personal luego que detectaran el movimiento y llamaran al 911<\/strong>. El apresado fue trasladado a Comisar\u00eda Primera donde qued\u00f3 a disposici\u00f3n de la UFI N\u00b010.<\/p>\n\n\n\n<p><strong>La camioneta, por su parte, ser\u00e1 peritada <\/strong>para ratificar la autor\u00eda del hecho.<\/p>\n\n\n\n<p>La car\u00e1tula de la causa es <strong>\u201cRobo en grado de tentativa\u201d.<\/strong><\/p>\n","protected":false},"excerpt":{"rendered":"<p>Fue en Emiliozzi y Calle 118. Da\u00f1\u00f3 el contactor de llave e intent\u00f3 llev\u00e1rsela. Intervino Comando de Patrullas. En la<\/p>\n","protected":false},"author":2,"featured_media":120104,"comment_status":"closed","ping_status":"closed","sticky":false,"template":"","format":"standard","meta":{"_jetpack_memberships_contains_paid_content":false,"footnotes":""},"categories":[14,1],"tags":[],"class_list":["post-120103","post","type-post","status-publish","format-standard","has-post-thumbnail","hentry","category-policiales","category-portada"],"jetpack_featured_media_url":"https:\/\/i0.wp.com\/cdnoticias.com\/wp-content\/uploads\/2024\/07\/WhatsApp-Image-2024-07-06-at-13.19.42.jpeg?fit=902%2C462&ssl=1","jetpack_sharing_enabled":true,"_links":{"self":[{"href":"https:\/\/cdnoticias.com\/index.php\/wp-json\/wp\/v2\/posts\/120103","targetHints":{"allow":["GET"]}}],"collection":[{"href":"https:\/\/cdnoticias.com\/index.php\/wp-json\/wp\/v2\/posts"}],"about":[{"href":"https:\/\/cdnoticias.com\/index.php\/wp-json\/wp\/v2\/types\/post"}],"author":[{"embeddable":true,"href":"https:\/\/cdnoticias.com\/index.php\/wp-json\/wp\/v2\/users\/2"}],"replies":[{"embeddable":true,"href":"https:\/\/cdnoticias.com\/index.php\/wp-json\/wp\/v2\/comments?post=120103"}],"version-history":[{"count":0,"href":"https:\/\/cdnoticias.com\/index.php\/wp-json\/wp\/v2\/posts\/120103\/revisions"}],"wp:featuredmedia":[{"embeddable":true,"href":"https:\/\/cdnoticias.com\/index.php\/wp-json\/wp\/v2\/media\/120104"}],"wp:attachment":[{"href":"https:\/\/cdnoticias.com\/index.php\/wp-json\/wp\/v2\/media?parent=120103"}],"wp:term":[{"taxonomy":"category","embeddable":true,"href":"https:\/\/cdnoticias.com\/index.php\/wp-json\/wp\/v2\/categories?post=120103"},{"taxonomy":"post_tag","embeddable":true,"href":"https:\/\/cdnoticias.com\/index.php\/wp-json\/wp\/v2\/tags?post=120103"}],"curies":[{"name":"wp","href":"https:\/\/api.w.org\/{rel}","templated":true}]}}