{"id":120096,"date":"2024-07-06T15:44:55","date_gmt":"2024-07-06T18:44:55","guid":{"rendered":"https:\/\/cdnoticias.com\/?p=120096"},"modified":"2024-07-06T15:44:56","modified_gmt":"2024-07-06T18:44:56","slug":"pablo-capitanich-don-pablo-q-e-p-d","status":"publish","type":"post","link":"https:\/\/cdnoticias.com\/index.php\/2024\/07\/06\/pablo-capitanich-don-pablo-q-e-p-d\/","title":{"rendered":"Pablo Capitanich \u201cDon Pablo\u201d (Q.E.P.D.)"},"content":{"rendered":"\n<p>Falleci\u00f3 en Olavarr\u00eda el 6 de julio de 2024 a los 99 a\u00f1os de edad. Sus hijos Teresa, Cristina, Mar\u00eda Rosa, Marcos, Elisa, Marina y Pablo. Sus hijos pol\u00edticos, \u00c1ngel, Julio, Laura, Gustavo, Solange, Pamela y Mar\u00eda. Sus nietos Am\u00edlcar, Pablo, Santiago, Fidel, Mar\u00eda Jos\u00e9, Roc\u00edo, Agust\u00edn, Julia, Ignacia, Guillermo, Clara, Lourdes y Mateo. Sus Bisnietos, Indalecio, Eva, Ferm\u00edn, Facundo, Bautista, Lola, Mora, Tom\u00e1s, Victoria y Baltazar. Acompa\u00f1an Integrantes de la Empresa Capitanich Construcciones S.A y dem\u00e1s deudos participan su fallecimiento.<\/p>\n\n\n\n<p>Sus restos son velados en Espa\u00f1a 2942 departamento &#8220;E\u201d y ser\u00e1n inhumados en el cementerio Loma de Paz este domingo 7 de julio a las 10:30. Vecino de Microcentro. Nacido en Saenz Pe\u00f1a, Chaco. Ingeniero civil.<\/p>\n","protected":false},"excerpt":{"rendered":"<p>Falleci\u00f3 en Olavarr\u00eda el 6 de julio de 2024 a los 99 a\u00f1os de edad. Sus hijos Teresa, Cristina, Mar\u00eda<\/p>\n","protected":false},"author":2,"featured_media":100390,"comment_status":"closed","ping_status":"closed","sticky":false,"template":"","format":"standard","meta":{"_jetpack_memberships_contains_paid_content":false,"footnotes":""},"categories":[10],"tags":[],"class_list":["post-120096","post","type-post","status-publish","format-standard","has-post-thumbnail","hentry","category-necrologicas"],"jetpack_featured_media_url":"https:\/\/i0.wp.com\/cdnoticias.com\/wp-content\/uploads\/2023\/10\/necrologicas-390-x-240.jpg?fit=390%2C240&ssl=1","jetpack_sharing_enabled":true,"_links":{"self":[{"href":"https:\/\/cdnoticias.com\/index.php\/wp-json\/wp\/v2\/posts\/120096","targetHints":{"allow":["GET"]}}],"collection":[{"href":"https:\/\/cdnoticias.com\/index.php\/wp-json\/wp\/v2\/posts"}],"about":[{"href":"https:\/\/cdnoticias.com\/index.php\/wp-json\/wp\/v2\/types\/post"}],"author":[{"embeddable":true,"href":"https:\/\/cdnoticias.com\/index.php\/wp-json\/wp\/v2\/users\/2"}],"replies":[{"embeddable":true,"href":"https:\/\/cdnoticias.com\/index.php\/wp-json\/wp\/v2\/comments?post=120096"}],"version-history":[{"count":0,"href":"https:\/\/cdnoticias.com\/index.php\/wp-json\/wp\/v2\/posts\/120096\/revisions"}],"wp:featuredmedia":[{"embeddable":true,"href":"https:\/\/cdnoticias.com\/index.php\/wp-json\/wp\/v2\/media\/100390"}],"wp:attachment":[{"href":"https:\/\/cdnoticias.com\/index.php\/wp-json\/wp\/v2\/media?parent=120096"}],"wp:term":[{"taxonomy":"category","embeddable":true,"href":"https:\/\/cdnoticias.com\/index.php\/wp-json\/wp\/v2\/categories?post=120096"},{"taxonomy":"post_tag","embeddable":true,"href":"https:\/\/cdnoticias.com\/index.php\/wp-json\/wp\/v2\/tags?post=120096"}],"curies":[{"name":"wp","href":"https:\/\/api.w.org\/{rel}","templated":true}]}}