{"id":120087,"date":"2024-07-06T10:44:50","date_gmt":"2024-07-06T13:44:50","guid":{"rendered":"https:\/\/cdnoticias.com\/?p=120087"},"modified":"2024-07-06T17:33:31","modified_gmt":"2024-07-06T20:33:31","slug":"lanzaron-el-censo-industrial-2024-en-el-iteco","status":"publish","type":"post","link":"https:\/\/cdnoticias.com\/index.php\/2024\/07\/06\/lanzaron-el-censo-industrial-2024-en-el-iteco\/","title":{"rendered":"Lanzaron el Censo Industrial 2024 en el Iteco"},"content":{"rendered":"\n<p>Fue en una actividad encabezada por el intendente Wesner. El estudio abarca a m\u00e1s de 800 pymes industriales.<\/p>\n\n\n\n<hr class=\"wp-block-separator aligncenter has-alpha-channel-opacity\"\/>\n\n\n\n<p>El intendente Maximiliano Wesner particip\u00f3, el \u00faltimo viernes por la ma\u00f1an, del <strong>lanzamiento en territorio del Censo Industrial 2024, que se llev\u00f3 a cabo en instalaciones del ITecO (Instituto Tecnol\u00f3gico de Olavarr\u00eda).<\/strong><\/p>\n\n\n\n<p>De la actividad participaron adem\u00e1s el secretario de Desarrollo Econ\u00f3mico y Productivo Gast\u00f3n Sarachu, el subsecretario de Empresas e Inversiones Bernardo Baldino y representantes de las instituciones de la Facultad de Ingenier\u00eda, Uni\u00f3n Industrial y Asociaci\u00f3n de Propietarios del Parque Industrial.<\/p>\n\n\n\n<figure class=\"wp-block-image size-large\"><img data-recalc-dims=\"1\" loading=\"lazy\" decoding=\"async\" width=\"800\" height=\"532\" src=\"https:\/\/i0.wp.com\/cdnoticias.com\/wp-content\/uploads\/2024\/07\/ITECO-web-13.jpg?resize=800%2C532&#038;ssl=1\" alt=\"\" class=\"wp-image-120090\" srcset=\"https:\/\/i0.wp.com\/cdnoticias.com\/wp-content\/uploads\/2024\/07\/ITECO-web-13.jpg?resize=1024%2C681&amp;ssl=1 1024w, https:\/\/i0.wp.com\/cdnoticias.com\/wp-content\/uploads\/2024\/07\/ITECO-web-13.jpg?resize=300%2C200&amp;ssl=1 300w, https:\/\/i0.wp.com\/cdnoticias.com\/wp-content\/uploads\/2024\/07\/ITECO-web-13.jpg?resize=768%2C511&amp;ssl=1 768w, https:\/\/i0.wp.com\/cdnoticias.com\/wp-content\/uploads\/2024\/07\/ITECO-web-13.jpg?resize=272%2C182&amp;ssl=1 272w, https:\/\/i0.wp.com\/cdnoticias.com\/wp-content\/uploads\/2024\/07\/ITECO-web-13.jpg?w=1400&amp;ssl=1 1400w\" sizes=\"auto, (max-width: 800px) 100vw, 800px\" \/><\/figure>\n\n\n\n<blockquote class=\"wp-block-quote is-layout-flow wp-block-quote-is-layout-flow\">\n<p>El estudio abarca a m\u00e1s de 800 pymes industriales y de servicios a la industria y se desarrollar\u00e1 en formato mixto, una etapa a censar en territorio y otra que ser\u00e1 en formato virtual.<\/p>\n<\/blockquote>\n\n\n\n<p>El censo en territorio \u2013que se inici\u00f3 en el sector del PIO I- <strong>se lleva adelante con 20 estudiantes de la Facultad de Ingenier\u00eda y personal municipal, que se encuentran debidamente identificados y que fueron previamente capacitados.<\/strong><\/p>\n\n\n\n<figure class=\"wp-block-image size-large\"><img data-recalc-dims=\"1\" loading=\"lazy\" decoding=\"async\" width=\"800\" height=\"532\" src=\"https:\/\/i0.wp.com\/cdnoticias.com\/wp-content\/uploads\/2024\/07\/ITECO-web-7.jpg?resize=800%2C532&#038;ssl=1\" alt=\"\" class=\"wp-image-120089\" srcset=\"https:\/\/i0.wp.com\/cdnoticias.com\/wp-content\/uploads\/2024\/07\/ITECO-web-7.jpg?resize=1024%2C681&amp;ssl=1 1024w, https:\/\/i0.wp.com\/cdnoticias.com\/wp-content\/uploads\/2024\/07\/ITECO-web-7.jpg?resize=300%2C200&amp;ssl=1 300w, https:\/\/i0.wp.com\/cdnoticias.com\/wp-content\/uploads\/2024\/07\/ITECO-web-7.jpg?resize=768%2C511&amp;ssl=1 768w, https:\/\/i0.wp.com\/cdnoticias.com\/wp-content\/uploads\/2024\/07\/ITECO-web-7.jpg?resize=272%2C182&amp;ssl=1 272w, https:\/\/i0.wp.com\/cdnoticias.com\/wp-content\/uploads\/2024\/07\/ITECO-web-7.jpg?w=1400&amp;ssl=1 1400w\" sizes=\"auto, (max-width: 800px) 100vw, 800px\" \/><\/figure>\n\n\n\n<p><strong>El relevamiento continuar\u00e1 la semana pr\u00f3xima en el PIO II y PIO V<\/strong>, seg\u00fan cronograma estipulado.<\/p>\n\n\n\n<p>Cabe se\u00f1alar que <strong>el \u00faltimo Censo Industrial local se realiz\u00f3 en el a\u00f1o 2011-2012<\/strong>, en tanto en el a\u00f1o 2022-2023 se llev\u00f3 a cabo la Encuesta al Comercio Minorista y el Censo Minero en 2023, como antecedentes inmediatos en Olavarr\u00eda.<\/p>\n\n\n\n<figure class=\"wp-block-embed is-type-wp-embed is-provider-central-de-noticias-olavarr-a wp-block-embed-central-de-noticias-olavarr-a\"><div class=\"wp-block-embed__wrapper\">\n<blockquote class=\"wp-embedded-content\" data-secret=\"wwE00ISdYL\"><a href=\"https:\/\/cdnoticias.com\/index.php\/2024\/06\/04\/presentaron-el-censo-industrial-de-olavarria-2024\/\">Presentaron el Censo Industrial de Olavarr\u00eda 2024<\/a><\/blockquote><iframe loading=\"lazy\" class=\"wp-embedded-content\" sandbox=\"allow-scripts\" security=\"restricted\" style=\"position: absolute; clip: rect(1px, 1px, 1px, 1px);\" title=\"&#8220;Presentaron el Censo Industrial de Olavarr\u00eda 2024&#8221; &#8212; Central de Noticias | Olavarr\u00eda\" src=\"https:\/\/cdnoticias.com\/index.php\/2024\/06\/04\/presentaron-el-censo-industrial-de-olavarria-2024\/embed\/#?secret=3FY8Xy1nGS#?secret=wwE00ISdYL\" data-secret=\"wwE00ISdYL\" width=\"600\" height=\"338\" frameborder=\"0\" marginwidth=\"0\" marginheight=\"0\" scrolling=\"no\"><\/iframe>\n<\/div><\/figure>\n\n\n\n<p>El Intendente Municipal Maximiliano Wesner destac\u00f3<em><strong> \u201cque en un contexto tan adverso nos va a permitir conocer detalladamente la realidad de cada una de las pymes, atender la cadena sectorial y fundamentalmente dise\u00f1ar oportunidades para la radicaci\u00f3n de empresas, inversiones y nuevos capitales que motoricen el desarrollo econ\u00f3mico de Olavarr\u00eda\u201d.<\/strong><\/em><\/p>\n\n\n\n<p>En ese sentido, desde la Secretar\u00eda de Desarrollo Econ\u00f3mico y Productivo de la Municipalidad se planificaron diferentes instancias que comprenden la capacitaci\u00f3n de censistas, la realizaci\u00f3n del censo en territorio, el an\u00e1lisis y procesamiento de datos, la presentaci\u00f3n de resultados y la realizaci\u00f3n de encuestas trimestrales.<\/p>\n","protected":false},"excerpt":{"rendered":"<p>Fue en una actividad encabezada por el intendente Wesner. El estudio abarca a m\u00e1s de 800 pymes industriales. El intendente<\/p>\n","protected":false},"author":2,"featured_media":120088,"comment_status":"closed","ping_status":"closed","sticky":false,"template":"","format":"standard","meta":{"_jetpack_memberships_contains_paid_content":false,"footnotes":""},"categories":[5,1],"tags":[],"class_list":["post-120087","post","type-post","status-publish","format-standard","has-post-thumbnail","hentry","category-informacion-general","category-portada"],"jetpack_featured_media_url":"https:\/\/i0.wp.com\/cdnoticias.com\/wp-content\/uploads\/2024\/07\/ITECO-web-2.jpg?fit=1400%2C931&ssl=1","jetpack_sharing_enabled":true,"_links":{"self":[{"href":"https:\/\/cdnoticias.com\/index.php\/wp-json\/wp\/v2\/posts\/120087","targetHints":{"allow":["GET"]}}],"collection":[{"href":"https:\/\/cdnoticias.com\/index.php\/wp-json\/wp\/v2\/posts"}],"about":[{"href":"https:\/\/cdnoticias.com\/index.php\/wp-json\/wp\/v2\/types\/post"}],"author":[{"embeddable":true,"href":"https:\/\/cdnoticias.com\/index.php\/wp-json\/wp\/v2\/users\/2"}],"replies":[{"embeddable":true,"href":"https:\/\/cdnoticias.com\/index.php\/wp-json\/wp\/v2\/comments?post=120087"}],"version-history":[{"count":0,"href":"https:\/\/cdnoticias.com\/index.php\/wp-json\/wp\/v2\/posts\/120087\/revisions"}],"wp:featuredmedia":[{"embeddable":true,"href":"https:\/\/cdnoticias.com\/index.php\/wp-json\/wp\/v2\/media\/120088"}],"wp:attachment":[{"href":"https:\/\/cdnoticias.com\/index.php\/wp-json\/wp\/v2\/media?parent=120087"}],"wp:term":[{"taxonomy":"category","embeddable":true,"href":"https:\/\/cdnoticias.com\/index.php\/wp-json\/wp\/v2\/categories?post=120087"},{"taxonomy":"post_tag","embeddable":true,"href":"https:\/\/cdnoticias.com\/index.php\/wp-json\/wp\/v2\/tags?post=120087"}],"curies":[{"name":"wp","href":"https:\/\/api.w.org\/{rel}","templated":true}]}}