{"id":12003,"date":"2021-01-22T08:56:12","date_gmt":"2021-01-22T11:56:12","guid":{"rendered":"http:\/\/www.centraldenoticias.com.ar\/?p=12003"},"modified":"2021-01-22T08:56:12","modified_gmt":"2021-01-22T11:56:12","slug":"transporte-alejo-supply-apunto-contra-ferrosur-por-no-permitir-uso-de-vias","status":"publish","type":"post","link":"https:\/\/cdnoticias.com\/index.php\/2021\/01\/22\/transporte-alejo-supply-apunto-contra-ferrosur-por-no-permitir-uso-de-vias\/","title":{"rendered":"Transporte: Alejo Supply apunt\u00f3 contra Ferrosur por no permitir uso de v\u00edas"},"content":{"rendered":"<p>El subsecretario de la cartera provincial se\u00f1al\u00f3 que el Estado no puede usar las v\u00edas del sur bonaerense con un tren estatal por la empresa concesionaria.<!--more--><\/p>\n<hr \/>\n<p>El titular del \u00e1rea de Transporte de la Provincia de Buenos Aires, <strong>Alejo Supply, lament\u00f3 en di\u00e1logo con medios que Ferrosur no permita el uso de v\u00edas del sector del sur bonaerense \u2013entre ellas las cercanas a Olavarr\u00eda- al Estado para ser utilizadas con trenes estatales.<\/strong><\/p>\n<p>&nbsp;<\/p>\n<p><strong>Supply catalog\u00f3 de \u201ctragedia griega\u201d a Ferrosur.<\/strong> \u201c<em>Ferrosur es Loma Negra, que utiliza las v\u00edas que van de Buenos Aires a Azul a Olavarr\u00eda, muy poquito de Olavarr\u00eda a Bah\u00eda, pero todo el resto, que ser\u00eda la panza de la provincia de Buenos Aires si uno trazara una diagonal en la provincia, estar\u00eda el Puerto Quequ\u00e9n, Tres Arroyos, Maip\u00fa, Las Flores, todo eso son ramales que est\u00e1n las v\u00edas pero en estado muerto\u201d.<\/em><\/p>\n<p>&nbsp;<\/p>\n<p>En este sentido, <strong>la Provincia le solicit\u00f3 al gobierno nacional recuperar las v\u00edas y generar una nueva concesi\u00f3n con el Estado bonaerense para poder utilizarlas<\/strong>. <em>\u201cLos trenes son federales, pero circulan en la provincia de Buenos Aires. Entonces tiene que haber una articulaci\u00f3n. Nosotros lo que le hemos pedido a Naci\u00f3n es que esas v\u00edas vuelvan al Estado nacional y trabajemos en conjunto para que la producci\u00f3n pueda circular con un criterio de necesidad estrat\u00e9gica provincial\u201d<\/em>, manifest\u00f3.<\/p>\n<p>&nbsp;<\/p>\n<blockquote><p>Pidi\u00f3 recuperar los ramales cerrados como estrategia econ\u00f3mica sobratodo con los puertos de la Provincia, con ejemplos en Quequ\u00e9n y La Plata.<\/p><\/blockquote>\n<p>&nbsp;<\/p>\n<p><em>\u201cEstamos llevando tambi\u00e9n v\u00edas al puerto de La Plata, que es un puerto que tiene una competitividad para la salida de la carga, tanto sea para ingresos o egresos del puerto, y estamos prontamente sacando la licitaci\u00f3n para que se hagan las v\u00edas y puedan circular las cargas\u201d,<\/em> asegur\u00f3 el Subsecretario.<\/p>\n<p>&nbsp;<\/p>\n<p><em>Con informaci\u00f3n de Infocielo<\/em><\/p>\n","protected":false},"excerpt":{"rendered":"<p>El subsecretario de la cartera provincial se\u00f1al\u00f3 que el Estado no puede usar las v\u00edas del sur bonaerense con un<\/p>\n","protected":false},"author":2,"featured_media":12004,"comment_status":"closed","ping_status":"closed","sticky":false,"template":"","format":"standard","meta":{"_jetpack_memberships_contains_paid_content":false,"footnotes":""},"categories":[4,1],"tags":[],"class_list":["post-12003","post","type-post","status-publish","format-standard","has-post-thumbnail","hentry","category-politica","category-portada"],"jetpack_featured_media_url":"https:\/\/i0.wp.com\/cdnoticias.com\/wp-content\/uploads\/2021\/01\/alejo-supply-transporte.jpg?fit=1024%2C675&ssl=1","jetpack_sharing_enabled":true,"_links":{"self":[{"href":"https:\/\/cdnoticias.com\/index.php\/wp-json\/wp\/v2\/posts\/12003","targetHints":{"allow":["GET"]}}],"collection":[{"href":"https:\/\/cdnoticias.com\/index.php\/wp-json\/wp\/v2\/posts"}],"about":[{"href":"https:\/\/cdnoticias.com\/index.php\/wp-json\/wp\/v2\/types\/post"}],"author":[{"embeddable":true,"href":"https:\/\/cdnoticias.com\/index.php\/wp-json\/wp\/v2\/users\/2"}],"replies":[{"embeddable":true,"href":"https:\/\/cdnoticias.com\/index.php\/wp-json\/wp\/v2\/comments?post=12003"}],"version-history":[{"count":0,"href":"https:\/\/cdnoticias.com\/index.php\/wp-json\/wp\/v2\/posts\/12003\/revisions"}],"wp:featuredmedia":[{"embeddable":true,"href":"https:\/\/cdnoticias.com\/index.php\/wp-json\/wp\/v2\/media\/12004"}],"wp:attachment":[{"href":"https:\/\/cdnoticias.com\/index.php\/wp-json\/wp\/v2\/media?parent=12003"}],"wp:term":[{"taxonomy":"category","embeddable":true,"href":"https:\/\/cdnoticias.com\/index.php\/wp-json\/wp\/v2\/categories?post=12003"},{"taxonomy":"post_tag","embeddable":true,"href":"https:\/\/cdnoticias.com\/index.php\/wp-json\/wp\/v2\/tags?post=12003"}],"curies":[{"name":"wp","href":"https:\/\/api.w.org\/{rel}","templated":true}]}}