{"id":119985,"date":"2024-07-05T12:04:30","date_gmt":"2024-07-05T15:04:30","guid":{"rendered":"https:\/\/cdnoticias.com\/?p=119985"},"modified":"2024-07-05T18:30:23","modified_gmt":"2024-07-05T21:30:23","slug":"crimen-de-matias-cabral-condena-de-13-anos-de-prision-para-el-unico-acusado","status":"publish","type":"post","link":"https:\/\/cdnoticias.com\/index.php\/2024\/07\/05\/crimen-de-matias-cabral-condena-de-13-anos-de-prision-para-el-unico-acusado\/","title":{"rendered":"Crimen de Mat\u00edas Cabral: condena de 13 a\u00f1os de prisi\u00f3n para el \u00fanico acusado"},"content":{"rendered":"<p>El Tribunal N\u00ba 2 de Azul declar\u00f3 culpable a Juli\u00e1n Ezequiel Castro, de 22 a\u00f1os, quien nunca declar\u00f3 en la causa. Los hechos se dieron en enero de 2021 en el barrio 12 de Octubre.<!--more--><\/p>\n<hr \/>\n<p>El <strong>Tribunal en lo Criminal N\u00famero Dos<\/strong> del Departamento Judicial de Azul<strong> dict\u00f3 la condena contra Juli\u00e1n Ezequiel Castro, de 22 a\u00f1os<\/strong>, \u00fanico imputado por el homicidio de Mat\u00edas Guillermo Cabral ocurrido el <strong>domingo 17 de enero de 2021<\/strong> hacia las 3.30 de la madrugada <a href=\"https:\/\/cdnoticias.com\/index.php\/2021\/01\/17\/un-joven-fue-asesinado-tras-una-pelea-vecinal\/\" target=\"_blank\" rel=\"noopener\">en el barrio 12 de Octubre de Olavarr\u00eda<\/a>.<\/p>\n<blockquote><p>En un juicio abreviado que se realiz\u00f3 el 28 de junio encabezado por la jueza Alejandra Raverta de forma unipersonal se dict\u00f3 la condena de 13 a\u00f1os de prisi\u00f3n contra Juli\u00e1n Ezequiel Castro tras ser hallado culpable por \u201chomicidio simple agravado por ser cometido con arma de fuego en concurso real con portaci\u00f3n ilegal de arma de fuego de uso civil\u201d.<\/p><\/blockquote>\n<p>Cabe recordar que, <strong>al d\u00eda siguiente del crimen, el acusado se present\u00f3 en la Comisar\u00eda Primera y <a href=\"https:\/\/cdnoticias.com\/index.php\/2021\/01\/18\/crimen-12-de-octubre-se-entrego-en-la-comisaria-primera-el-joven-acusado\/\" target=\"_blank\" rel=\"noopener\">se entreg\u00f3<\/a><\/strong>. El martes 19 de enero fue citado por el fiscal Christian Url\u00e9zaga, subrogante en la UFI 4 en aquel momento, para <a href=\"https:\/\/cdnoticias.com\/index.php\/2021\/01\/19\/se-nego-a-declarar-el-joven-acusado-por-el-crimen-en-el-barrio-12-de-octubre\/\" target=\"_blank\" rel=\"noopener\">tomar declaraci\u00f3n, pero Castro se neg\u00f3 a hacerlo<\/a>. <strong>El imputado nunca brind\u00f3 su versi\u00f3n de los hechos en la causa penal.<\/strong><\/p>\n<blockquote class=\"wp-embedded-content\" data-secret=\"UlyweEQXUQ\"><p><a href=\"https:\/\/cdnoticias.com\/index.php\/2021\/01\/19\/marcha-para-pedir-justicia-por-el-joven-asesinado-en-el-barrio-12-de-octubre\/\">Marcha para pedir justicia por el joven asesinado en el barrio 12 de Octubre<\/a><\/p><\/blockquote>\n<p><iframe loading=\"lazy\" class=\"wp-embedded-content\" sandbox=\"allow-scripts\" security=\"restricted\" style=\"position: absolute; clip: rect(1px, 1px, 1px, 1px);\" title=\"&#8220;Marcha para pedir justicia por el joven asesinado en el barrio 12 de Octubre&#8221; &#8212; Central de Noticias | Olavarr\u00eda\" src=\"https:\/\/cdnoticias.com\/index.php\/2021\/01\/19\/marcha-para-pedir-justicia-por-el-joven-asesinado-en-el-barrio-12-de-octubre\/embed\/#?secret=goQ40lTBqW#?secret=UlyweEQXUQ\" data-secret=\"UlyweEQXUQ\" width=\"600\" height=\"338\" frameborder=\"0\" marginwidth=\"0\" marginheight=\"0\" scrolling=\"no\"><\/iframe><\/p>\n<h3>Los hechos<\/h3>\n<p>En el fallo <strong>se consider\u00f3 \u201cdebidamente acreditado\u201d lo sucedido <\/strong>el d\u00eda 17 de enero del a\u00f1o 2021 entre <strong>minutos antes de las 3 y las 3.30 de la madrugada<\/strong>.<\/p>\n<p>Se estableci\u00f3 que antes de las 3.00 de la madrugada <strong>Cabral se encontraba en el domicilio de su cu\u00f1ado, Braian P\u00e9rez, en Mitre 820, junto a Lazzaro Ibarra<\/strong>, primo de P\u00e9rez y amigo de Cabral. Estaban en una habitaci\u00f3n ubicada en un primer piso con ventana a la calle.<\/p>\n<figure id=\"attachment_11739\" aria-describedby=\"caption-attachment-11739\" style=\"width: 800px\" class=\"wp-caption aligncenter\"><img data-recalc-dims=\"1\" loading=\"lazy\" decoding=\"async\" class=\"wp-image-11739 size-full\" src=\"https:\/\/i0.wp.com\/cdnoticias.com\/wp-content\/uploads\/2021\/01\/Mitrey17-800x445-800x445-1.jpg?resize=800%2C445&#038;ssl=1\" alt=\"\" width=\"800\" height=\"445\" srcset=\"https:\/\/i0.wp.com\/cdnoticias.com\/wp-content\/uploads\/2021\/01\/Mitrey17-800x445-800x445-1.jpg?w=800&amp;ssl=1 800w, https:\/\/i0.wp.com\/cdnoticias.com\/wp-content\/uploads\/2021\/01\/Mitrey17-800x445-800x445-1.jpg?resize=300%2C167&amp;ssl=1 300w, https:\/\/i0.wp.com\/cdnoticias.com\/wp-content\/uploads\/2021\/01\/Mitrey17-800x445-800x445-1.jpg?resize=768%2C427&amp;ssl=1 768w\" sizes=\"auto, (max-width: 800px) 100vw, 800px\" \/><figcaption id=\"caption-attachment-11739\" class=\"wp-caption-text\">El lugar de los hechos, Mitre casi calle 17 en la madrugada del 17 de enero de 2021.<\/figcaption><\/figure>\n<p>En ese momento <strong>advirtieron el paso de un auto Chevrolet Astra de color negro<\/strong> cuyo conductor baj\u00f3 la ventanilla y desde su interior <strong>comenz\u00f3 una discusi\u00f3n con Mat\u00edas Guillermo Cabral<\/strong>, quien se encontraba en el interior del inmueble. <strong>En el auto hab\u00eda al menos un segundo ocupante<\/strong>.<\/p>\n<blockquote><p>En esas circunstancias, el conductor del auto le refiri\u00f3 \u201cQu\u00e9 miras gato &#8230; ahora vengo y te cago a tiros\u201d tras lo cual se retir\u00f3. Se estableci\u00f3 que el conductor era Juli\u00e1n Castro.<\/p><\/blockquote>\n<p>Pocos minutos despu\u00e9s, <strong>volvi\u00f3 a pie a calle 17 y Mitre en compa\u00f1\u00eda de otros dos masculinos<\/strong>, y portando un arma de fuego con la que <strong>efectu\u00f3 al menos siete disparos<\/strong>. El primer disparo dio contra la ventana de la habitaci\u00f3n en la que estaban P\u00e9rez, Cabral e Ibarra. Los restantes disparos dieron en la mamposter\u00eda de la casa de P\u00e9rez y de la vivienda contigua, propiedad de su madre.<\/p>\n<p>Al advertir este ataque, <strong>los tres bajaron desde el primer piso y salieron a la calle<\/strong>. Los disparos continuaron y <strong>uno dio contra Mat\u00edas Cabral quien hab\u00eda tomado un palo de madera y se dirig\u00eda contra Castro.<\/strong><\/p>\n<blockquote><p>Se describi\u00f3 que en ese punto, Juli\u00e1n Castro dispar\u00f3 \u201ccon el un\u00edvoco fin de causarle la muerte\u201d y que la v\u00edctima result\u00f3 herida \u201cen la zona umbilical, provoc\u00e1ndole como consecuencia directa de dicha acci\u00f3n una hemorragia interna, ruptura de grandes vasos retroperitoniales\u201d y posteriormente falleci\u00f3.<\/p><\/blockquote>\n<p>La jueza Raverta consider\u00f3 <strong>\u201cacreditada la materialidad del hecho\u201d<\/strong> mediante el informe de autopsia, actas e inspecciones de intervenci\u00f3n en el lugar del hecho, actas de allanamientos, fotograf\u00edas, informes y m\u00e1s elementos probatorios. Asimismo, a lo largo de la investigaci\u00f3n se exponen los <strong>testimonios de 6 testigos, participantes y de las primeras personas que llegaron a la escena del crimen<\/strong>, y tambi\u00e9n de otras<strong> 7 personas, entre quienes se cuenta un joven se\u00f1alado como quien acompa\u00f1aba a Castro en el auto, adem\u00e1s del personal que intervino en las averiguaciones<\/strong> en distintas instancias.<\/p>\n<figure id=\"attachment_13598\" aria-describedby=\"caption-attachment-13598\" style=\"width: 800px\" class=\"wp-caption aligncenter\"><img data-recalc-dims=\"1\" loading=\"lazy\" decoding=\"async\" class=\"wp-image-13598\" src=\"https:\/\/i0.wp.com\/cdnoticias.com\/wp-content\/uploads\/2021\/02\/WhatsApp-Image-2021-02-12-at-14.01.07.jpeg?resize=800%2C479&#038;ssl=1\" alt=\"\" width=\"800\" height=\"479\" \/><figcaption id=\"caption-attachment-13598\" class=\"wp-caption-text\">Allanamiento realizado en febrero de 2021 en barrio Lourdes en la investigaci\u00f3n del crimen de Mat\u00edas Cabral.<\/figcaption><\/figure>\n<h3>El caso<\/h3>\n<p>Los<strong> testimonios de Braian P\u00e9rez y Lazzaro Ibarra fueron centrales para reconstruir lo sucedido<\/strong>, y especialmente para exponer el breve cruce de palabras entre la v\u00edctima y el atacante.<\/p>\n<p>Los allegados a la v\u00edctima que aportaron testimonio a la investigaci\u00f3n coincidieron en se\u00f1alar que <strong>no hab\u00eda \u201cinconvenientes anteriores\u201d entre Castro y Cabral<\/strong>.<\/p>\n<p>Tambi\u00e9n aport\u00f3 testimonio <strong>un joven que iba en el auto Chevrolet con Castro<\/strong> cuando cruz\u00f3 palabras con Cabral sobre calle Mitre. <strong>Afirm\u00f3 luego haberse retirado de la casa del imputado y estar a varias cuadras de distancia cuando se produjo el ataque<\/strong> con arma de fuego. Adem\u00e1s, neg\u00f3 conocer a Cabral y a P\u00e9rez.<\/p>\n<p>En tanto, la<strong> pericia psicol\u00f3gica<\/strong> estableci\u00f3 que el imputado es<strong> \u201cproclive a la impulsividad\u201d<\/strong>.<\/p>\n<p>Por \u00faltimo, se consideraron tambi\u00e9n <a href=\"https:\/\/cdnoticias.com\/index.php\/2021\/02\/12\/secuestran-celulares-y-elementos-de-interes-en-allanamientos-por-el-crimen-de-matias-cabral\/\" target=\"_blank\" rel=\"noopener\">elementos probatorios<\/a> de la autor\u00eda del caso distintas <strong>conversaciones por redes sociales de las que participaron allegados del encausado<\/strong>.<\/p>\n<figure id=\"attachment_12056\" aria-describedby=\"caption-attachment-12056\" style=\"width: 800px\" class=\"wp-caption aligncenter\"><img data-recalc-dims=\"1\" loading=\"lazy\" decoding=\"async\" class=\"wp-image-12056 size-large\" src=\"https:\/\/i0.wp.com\/cdnoticias.com\/wp-content\/uploads\/2021\/01\/marcha-matias-cabral2.jpg?resize=800%2C600&#038;ssl=1\" alt=\"\" width=\"800\" height=\"600\" srcset=\"https:\/\/i0.wp.com\/cdnoticias.com\/wp-content\/uploads\/2021\/01\/marcha-matias-cabral2.jpg?resize=1024%2C768&amp;ssl=1 1024w, https:\/\/i0.wp.com\/cdnoticias.com\/wp-content\/uploads\/2021\/01\/marcha-matias-cabral2.jpg?resize=300%2C225&amp;ssl=1 300w, https:\/\/i0.wp.com\/cdnoticias.com\/wp-content\/uploads\/2021\/01\/marcha-matias-cabral2.jpg?resize=768%2C576&amp;ssl=1 768w, https:\/\/i0.wp.com\/cdnoticias.com\/wp-content\/uploads\/2021\/01\/marcha-matias-cabral2.jpg?w=1152&amp;ssl=1 1152w\" sizes=\"auto, (max-width: 800px) 100vw, 800px\" \/><figcaption id=\"caption-attachment-12056\" class=\"wp-caption-text\">Familiares y allegados de Mat\u00edas Cabral en una <a href=\"https:\/\/cdnoticias.com\/index.php\/2021\/01\/22\/marcha-por-matias-no-fue-por-la-musica-lo-mataron-por-matar\/\" target=\"_blank\" rel=\"noopener\">marcha en reclamo de justicia<\/a><\/figcaption><\/figure>\n<h3>El fallo<\/h3>\n<blockquote><p>La jueza Raverta concluy\u00f3 en que \u201cJuli\u00e1n Ezequiel Castro resulta ser autor penalmente responsable del hecho referido\u201d.<\/p><\/blockquote>\n<p>Consider\u00f3 como atenuantes que Juli\u00e1n castro <strong>no tiene antecedentes penales<\/strong> y como agravante <strong>\u201cla nocturnidad aprovechada para cometer el hecho y as\u00ed evitar ser visto por terceros\u201d<\/strong>.<\/p>\n<p>Por \u00faltimo, en la sentencia se incluy\u00f3 tambi\u00e9n la<em> consulta a familiares directos de la v\u00edctima si quieren ser informados de las medidas de morigeraci\u00f3n de prisi\u00f3n<\/em> que solicite el condenado.<\/p>\n","protected":false},"excerpt":{"rendered":"<p>El Tribunal N\u00ba 2 de Azul declar\u00f3 culpable a Juli\u00e1n Ezequiel Castro, de 22 a\u00f1os, quien nunca declar\u00f3 en la<\/p>\n","protected":false},"author":4,"featured_media":11740,"comment_status":"closed","ping_status":"closed","sticky":false,"template":"","format":"standard","meta":{"_jetpack_memberships_contains_paid_content":false,"footnotes":""},"categories":[14,1],"tags":[],"class_list":["post-119985","post","type-post","status-publish","format-standard","has-post-thumbnail","hentry","category-policiales","category-portada"],"jetpack_featured_media_url":"https:\/\/i0.wp.com\/cdnoticias.com\/wp-content\/uploads\/2021\/01\/WhatsApp-Image-2021-01-18-at-19.38.57-e1611009723249.jpeg?fit=864%2C604&ssl=1","jetpack_sharing_enabled":true,"_links":{"self":[{"href":"https:\/\/cdnoticias.com\/index.php\/wp-json\/wp\/v2\/posts\/119985","targetHints":{"allow":["GET"]}}],"collection":[{"href":"https:\/\/cdnoticias.com\/index.php\/wp-json\/wp\/v2\/posts"}],"about":[{"href":"https:\/\/cdnoticias.com\/index.php\/wp-json\/wp\/v2\/types\/post"}],"author":[{"embeddable":true,"href":"https:\/\/cdnoticias.com\/index.php\/wp-json\/wp\/v2\/users\/4"}],"replies":[{"embeddable":true,"href":"https:\/\/cdnoticias.com\/index.php\/wp-json\/wp\/v2\/comments?post=119985"}],"version-history":[{"count":0,"href":"https:\/\/cdnoticias.com\/index.php\/wp-json\/wp\/v2\/posts\/119985\/revisions"}],"wp:featuredmedia":[{"embeddable":true,"href":"https:\/\/cdnoticias.com\/index.php\/wp-json\/wp\/v2\/media\/11740"}],"wp:attachment":[{"href":"https:\/\/cdnoticias.com\/index.php\/wp-json\/wp\/v2\/media?parent=119985"}],"wp:term":[{"taxonomy":"category","embeddable":true,"href":"https:\/\/cdnoticias.com\/index.php\/wp-json\/wp\/v2\/categories?post=119985"},{"taxonomy":"post_tag","embeddable":true,"href":"https:\/\/cdnoticias.com\/index.php\/wp-json\/wp\/v2\/tags?post=119985"}],"curies":[{"name":"wp","href":"https:\/\/api.w.org\/{rel}","templated":true}]}}