{"id":119960,"date":"2024-07-05T08:12:35","date_gmt":"2024-07-05T11:12:35","guid":{"rendered":"https:\/\/cdnoticias.com\/?p=119960"},"modified":"2024-07-05T10:33:15","modified_gmt":"2024-07-05T13:33:15","slug":"los-anuncios-del-intendente-en-la-inauguracion-del-salon-rivadavia","status":"publish","type":"post","link":"https:\/\/cdnoticias.com\/index.php\/2024\/07\/05\/los-anuncios-del-intendente-en-la-inauguracion-del-salon-rivadavia\/","title":{"rendered":"Los anuncios del Intendente en la inauguraci\u00f3n del Sal\u00f3n Rivadavia"},"content":{"rendered":"<p>La base de UTOI con 125 efectivos policiales, el Polo Educativo, un nuevo play\u00f3n deportivo y el destino del Fondo Educativo. Una sede policial en el predio de Bromatolog\u00eda y el sorteo de 112 lotes.<!--more--><\/p>\n<hr \/>\n<p>El cierre de la \u201crendici\u00f3n de cuentas\u201d semestral del<strong> intendente Maximiliano Wesner<\/strong> este jueves en la <a href=\"https:\/\/cdnoticias.com\/index.php\/2024\/07\/04\/a-sala-llena-se-reinauguro-el-salon-rivadavia\/\" target=\"_blank\" rel=\"noopener\">reinauguraci\u00f3n del Sal\u00f3n Rivadavia<\/a> fue con <strong>anuncios bajo la premisa de \u201cOlavarr\u00eda en marcha\u201d<\/strong>.<\/p>\n<blockquote><p>\u201cQueremos que Olavarr\u00eda est\u00e9 en marcha, recupere la centralidad que tuvo en el centro de la provincia, que Olavarr\u00eda vuelva a ser la ciudad que supo ser\u201d defini\u00f3 el jefe comunal.<\/p><\/blockquote>\n<p>El primer anuncio fue presentado en el marco de una gesti\u00f3n con el Ministerio de Seguridad provincial: la <strong>instalaci\u00f3n de la base de la Unidad T\u00e1ctica de Operaciones Inmediatas (UTOI)<\/strong>,<em> \u201cse va a inaugurar en pocos d\u00edas, una fuerza especial para mejorar la cercan\u00eda\u201d<\/em> dijo.<\/p>\n<p>Inform\u00f3 que se<strong> sumar\u00e1n 125 efectivos policiales<\/strong> y que la sede se ubicar\u00e1<strong> en Pringles y Coronel Su\u00e1rez, el edificio cedido por Coopelectric<\/strong>.<\/p>\n<p><img data-recalc-dims=\"1\" loading=\"lazy\" decoding=\"async\" class=\"size-full wp-image-119917 aligncenter\" src=\"https:\/\/i0.wp.com\/cdnoticias.com\/wp-content\/uploads\/2024\/07\/ReinauguracionSalonRivadavia-04.jpg?resize=800%2C531&#038;ssl=1\" alt=\"\" width=\"800\" height=\"531\" srcset=\"https:\/\/i0.wp.com\/cdnoticias.com\/wp-content\/uploads\/2024\/07\/ReinauguracionSalonRivadavia-04.jpg?w=1024&amp;ssl=1 1024w, https:\/\/i0.wp.com\/cdnoticias.com\/wp-content\/uploads\/2024\/07\/ReinauguracionSalonRivadavia-04.jpg?resize=300%2C199&amp;ssl=1 300w, https:\/\/i0.wp.com\/cdnoticias.com\/wp-content\/uploads\/2024\/07\/ReinauguracionSalonRivadavia-04.jpg?resize=768%2C510&amp;ssl=1 768w, https:\/\/i0.wp.com\/cdnoticias.com\/wp-content\/uploads\/2024\/07\/ReinauguracionSalonRivadavia-04.jpg?resize=272%2C182&amp;ssl=1 272w\" sizes=\"auto, (max-width: 800px) 100vw, 800px\" \/><\/p>\n<p>El segundo anuncio fue la <strong>construcci\u00f3n de los senderos internos del Polo Educativo de La M\u00e1xima<\/strong>.<\/p>\n<p>A continuaci\u00f3n adelant\u00f3 que<strong> \u201cvamos a poner en valor el viejo edificio del Matadero Municipal con un play\u00f3n deportivo y oficinas\u201d<\/strong>. Maximiliano Wesner destac\u00f3 que<em> \u201ces importante que la familia de barrio Eucaliptus, Bel\u00e9n, Mataderos, Isaura, Cuarteles, tengan cercan\u00eda y contacto con eso que va a ser un play\u00f3n deportivo\u201d<\/em> para se\u00f1alar que no hay instalaciones de ese tipo en los barrios ubicados m\u00e1s all\u00e1 de la ruta 226.<\/p>\n<p>Los \u00faltimos anuncios, sobre el cierre del discurso, fueron la <strong>inversi\u00f3n de unos 300 millones de pesos del Fondo Educativo<\/strong>. En el detalle indic\u00f3 que se destinar\u00e1n <strong>121 millones de pesos a la ampliaci\u00f3n de la Secundaria 18<\/strong>,<strong> 85 millones a la continuaci\u00f3n de la obra de la Escuela T\u00e9cnica N\u00ba 1 <\/strong>del barrio CECO &#8211;<a href=\"https:\/\/cdnoticias.com\/index.php\/2023\/05\/21\/se-rescindio-el-contrato-a-la-empresa-adjudicataria-de-la-reforma-en-la-escuela-tecnica-no-1\/\" target=\"_blank\" rel=\"noopener\">obra que qued\u00f3 inconclusa el a\u00f1o pasado por rescisi\u00f3n del contrato con la empresa<\/a>-, <strong>79 millones de pesos a mejoras en el Jard\u00edn 912<\/strong> ubicado en Laprida al 4300 y <strong>10,5 millones de pesos para la continuaci\u00f3n de la obra en la Escuela 58<\/strong>.<\/p>\n<p>En tanto, cabe recordar que <a href=\"https:\/\/cdnoticias.com\/index.php\/2024\/07\/04\/si-no-hay-escucha-si-no-hay-dialogo-no-hay-gestion\/\" target=\"_blank\" rel=\"noopener\">durante el discurso de repaso de gesti\u00f3n<\/a> por \u00e1rea, el intendente adelant\u00f3 que <strong>se instalar\u00e1 la sede de la Delegaci\u00f3n Olavarr\u00eda de la Polic\u00eda de Drogas Il\u00edcitas en el predio de Bromatolog\u00eda<\/strong> y que <strong>\u201cestamos pr\u00f3ximos\u201d a sortear los 112 lotes<\/strong> ubicados en el barrio Coronel Dorrego en los que la Municipalidad finaliz\u00f3 la infraestructura el a\u00f1o pasado con financiaci\u00f3n del Fondo de Integraci\u00f3n Socio Urbana de la Naci\u00f3n.<\/p>\n<blockquote class=\"wp-embedded-content\" data-secret=\"oiu0QyOSiW\"><p><a href=\"https:\/\/cdnoticias.com\/index.php\/2024\/07\/04\/si-no-hay-escucha-si-no-hay-dialogo-no-hay-gestion\/\">\u201cSi no hay escucha, si no hay di\u00e1logo, no hay gesti\u00f3n\u201d<\/a><\/p><\/blockquote>\n<p><iframe loading=\"lazy\" class=\"wp-embedded-content\" sandbox=\"allow-scripts\" security=\"restricted\" style=\"position: absolute; visibility: hidden;\" title=\"&#8220;\u201cSi no hay escucha, si no hay di\u00e1logo, no hay gesti\u00f3n\u201d&#8221; &#8212; Central de Noticias | Olavarr\u00eda\" src=\"https:\/\/cdnoticias.com\/index.php\/2024\/07\/04\/si-no-hay-escucha-si-no-hay-dialogo-no-hay-gestion\/embed\/#?secret=Xe3nScFBbL#?secret=oiu0QyOSiW\" data-secret=\"oiu0QyOSiW\" width=\"600\" height=\"338\" frameborder=\"0\" marginwidth=\"0\" marginheight=\"0\" scrolling=\"no\"><\/iframe><\/p>\n","protected":false},"excerpt":{"rendered":"<p>La base de UTOI con 125 efectivos policiales, el Polo Educativo, un nuevo play\u00f3n deportivo y el destino del Fondo<\/p>\n","protected":false},"author":4,"featured_media":119949,"comment_status":"closed","ping_status":"closed","sticky":false,"template":"","format":"standard","meta":{"_jetpack_memberships_contains_paid_content":false,"footnotes":""},"categories":[4,1],"tags":[],"class_list":["post-119960","post","type-post","status-publish","format-standard","has-post-thumbnail","hentry","category-politica","category-portada"],"jetpack_featured_media_url":"https:\/\/i0.wp.com\/cdnoticias.com\/wp-content\/uploads\/2024\/07\/ReinauguracionSalonRivadavia-36.jpg?fit=1024%2C680&ssl=1","jetpack_sharing_enabled":true,"_links":{"self":[{"href":"https:\/\/cdnoticias.com\/index.php\/wp-json\/wp\/v2\/posts\/119960","targetHints":{"allow":["GET"]}}],"collection":[{"href":"https:\/\/cdnoticias.com\/index.php\/wp-json\/wp\/v2\/posts"}],"about":[{"href":"https:\/\/cdnoticias.com\/index.php\/wp-json\/wp\/v2\/types\/post"}],"author":[{"embeddable":true,"href":"https:\/\/cdnoticias.com\/index.php\/wp-json\/wp\/v2\/users\/4"}],"replies":[{"embeddable":true,"href":"https:\/\/cdnoticias.com\/index.php\/wp-json\/wp\/v2\/comments?post=119960"}],"version-history":[{"count":0,"href":"https:\/\/cdnoticias.com\/index.php\/wp-json\/wp\/v2\/posts\/119960\/revisions"}],"wp:featuredmedia":[{"embeddable":true,"href":"https:\/\/cdnoticias.com\/index.php\/wp-json\/wp\/v2\/media\/119949"}],"wp:attachment":[{"href":"https:\/\/cdnoticias.com\/index.php\/wp-json\/wp\/v2\/media?parent=119960"}],"wp:term":[{"taxonomy":"category","embeddable":true,"href":"https:\/\/cdnoticias.com\/index.php\/wp-json\/wp\/v2\/categories?post=119960"},{"taxonomy":"post_tag","embeddable":true,"href":"https:\/\/cdnoticias.com\/index.php\/wp-json\/wp\/v2\/tags?post=119960"}],"curies":[{"name":"wp","href":"https:\/\/api.w.org\/{rel}","templated":true}]}}