{"id":119852,"date":"2024-07-04T11:46:49","date_gmt":"2024-07-04T14:46:49","guid":{"rendered":"https:\/\/cdnoticias.com\/?p=119852"},"modified":"2024-07-04T17:33:53","modified_gmt":"2024-07-04T20:33:53","slug":"operativo-aurora-se-implementara-en-los-ingresos-y-egresos-de-las-escuelas-centricas","status":"publish","type":"post","link":"https:\/\/cdnoticias.com\/index.php\/2024\/07\/04\/operativo-aurora-se-implementara-en-los-ingresos-y-egresos-de-las-escuelas-centricas\/","title":{"rendered":"Operativo Aurora: se implementar\u00e1 en los ingresos y egresos de las escuelas c\u00e9ntricas"},"content":{"rendered":"\n<p>Ser\u00e1 desde el lunes 8 de julio. El coordinador del Servicio de Estacionamiento Medido, explic\u00f3 los objetivos de la iniciativa. Adem\u00e1s, habl\u00f3 de infracciones \u201cmal labradas\u201d a frentistas.<\/p>\n\n\n\n<hr class=\"wp-block-separator has-alpha-channel-opacity\"\/>\n\n\n\n<p>Desde el <strong>lunes 8 de julio<\/strong> se implementar\u00e1 en Olavarr\u00eda el denominado Operativo Aurora al ingreso y egreso de instituciones educativas c\u00e9ntricas con el objetivo de <strong>concientizar y darle continuidad al tr\u00e1nsito.<\/strong><\/p>\n\n\n\n<p><\/p>\n\n\n\n<p>El <strong>coordinador del Servicio de Estacionamiento Medido de Olavarr\u00eda (SEMO), Nicol\u00e1s Mart\u00ednez<\/strong>, explic\u00f3 en el programa Levantate (Radio Sapiens) que <strong>\u201cson operativos que van a estar emplazados en los ingresos y egresos de la Escuela Normal, Rosario, Escuela N\u00b0 1, Escuela N\u00b0 17 y C\u00e1neva\u201d.<\/strong><\/p>\n\n\n\n<p><\/p>\n\n\n\n<figure class=\"wp-block-image size-large\"><img data-recalc-dims=\"1\" loading=\"lazy\" decoding=\"async\" width=\"800\" height=\"445\" src=\"https:\/\/i0.wp.com\/cdnoticias.com\/wp-content\/uploads\/2024\/05\/martinez-estacionamiento-medido.jpg?resize=800%2C445&#038;ssl=1\" alt=\"\" class=\"wp-image-115795\" srcset=\"https:\/\/i0.wp.com\/cdnoticias.com\/wp-content\/uploads\/2024\/05\/martinez-estacionamiento-medido.jpg?resize=1024%2C570&amp;ssl=1 1024w, https:\/\/i0.wp.com\/cdnoticias.com\/wp-content\/uploads\/2024\/05\/martinez-estacionamiento-medido.jpg?resize=300%2C167&amp;ssl=1 300w, https:\/\/i0.wp.com\/cdnoticias.com\/wp-content\/uploads\/2024\/05\/martinez-estacionamiento-medido.jpg?resize=768%2C428&amp;ssl=1 768w, https:\/\/i0.wp.com\/cdnoticias.com\/wp-content\/uploads\/2024\/05\/martinez-estacionamiento-medido.jpg?resize=800%2C445&amp;ssl=1 800w, https:\/\/i0.wp.com\/cdnoticias.com\/wp-content\/uploads\/2024\/05\/martinez-estacionamiento-medido.jpg?w=1072&amp;ssl=1 1072w\" sizes=\"auto, (max-width: 800px) 100vw, 800px\" \/><figcaption class=\"wp-element-caption\">Nicol\u00e1s Mart\u00ednez, coordinador del Servicio de Estacionamiento Medido Olavarr\u00eda (SEMO).<\/figcaption><\/figure>\n\n\n\n<p><\/p>\n\n\n\n<blockquote class=\"wp-block-quote is-layout-flow wp-block-quote-is-layout-flow\">\n<p>En estos puntos \u201ctodos los d\u00edas se dan situaciones de embotellamiento, de autos en doble fila, de ni\u00f1os caminando entre veh\u00edculos en marcha\u201d. Debido a esto, Mart\u00ednez asegur\u00f3 que \u201cqueremos ir a hacer un trabajo de concientizaci\u00f3n con la familia. Ah\u00ed van a estar apostados agentes nuestros que tienen la potestad de inspectores\u201d.<\/p>\n<\/blockquote>\n\n\n\n<p><\/p>\n\n\n\n<p>El coordinador del SEMO resalt\u00f3 que \u201c<strong>no vamos con la idea de hacer infracciones a la Ley de Tr\u00e1nsito sino a hacer un trabajo pedag\u00f3gico <\/strong>junto a las vecinas y vecinos conductores\u201d.<\/p>\n\n\n\n<p><\/p>\n\n\n\n<p><strong>Frentistas<\/strong><\/p>\n\n\n\n<p><\/p>\n\n\n\n<p>Nicol\u00e1s Mart\u00ednez tambi\u00e9n se refiri\u00f3 al<a href=\"https:\/\/cdnoticias.com\/index.php\/2024\/06\/27\/el-bloque-pro-erf-buscara-modificar-la-ordenanza-de-estacionamiento-medido\/\" data-type=\"link\" data-id=\"https:\/\/cdnoticias.com\/index.php\/2024\/06\/27\/el-bloque-pro-erf-buscara-modificar-la-ordenanza-de-estacionamiento-medido\/\"> planteo realizado por la concejala Guillermina Amespil (Pro) <\/a>sobre la detecci\u00f3n de infracciones a frentista \u201cde manera injustificada\u201d.<\/p>\n\n\n\n<p><\/p>\n\n\n\n<p>Explic\u00f3 que \u201c<strong>hemos dado de baja infracciones<\/strong> porque quiz\u00e1s hubo el error humano de cargar mal el tr\u00e1mite entonces ya qued\u00f3 mal en el sistema o quiz\u00e1s alguna gente cheque\u00f3 mal el veh\u00edculo porque bueno el factor humano est\u00e1 en todo lo que uno hace\u201d e insisti\u00f3: <strong>\u201chemos anulado infracciones que entendimos que est\u00e1n mal labradas y a su vez, hemos encontrado un uso \u2013no digo en todos los casos- pero s\u00ed en algunos, no correcto de esa eximici\u00f3n\u201d.<\/strong><\/p>\n\n\n\n<p><\/p>\n\n\n\n<figure class=\"wp-block-image size-large\"><img data-recalc-dims=\"1\" loading=\"lazy\" decoding=\"async\" width=\"800\" height=\"445\" src=\"https:\/\/i0.wp.com\/cdnoticias.com\/wp-content\/uploads\/2024\/05\/estacionamiento-medido-olavarria3.jpg?resize=800%2C445&#038;ssl=1\" alt=\"\" class=\"wp-image-116029\" srcset=\"https:\/\/i0.wp.com\/cdnoticias.com\/wp-content\/uploads\/2024\/05\/estacionamiento-medido-olavarria3-scaled.jpg?resize=1024%2C570&amp;ssl=1 1024w, https:\/\/i0.wp.com\/cdnoticias.com\/wp-content\/uploads\/2024\/05\/estacionamiento-medido-olavarria3-scaled.jpg?resize=300%2C167&amp;ssl=1 300w, https:\/\/i0.wp.com\/cdnoticias.com\/wp-content\/uploads\/2024\/05\/estacionamiento-medido-olavarria3-scaled.jpg?resize=768%2C427&amp;ssl=1 768w, https:\/\/i0.wp.com\/cdnoticias.com\/wp-content\/uploads\/2024\/05\/estacionamiento-medido-olavarria3-scaled.jpg?resize=1536%2C855&amp;ssl=1 1536w, https:\/\/i0.wp.com\/cdnoticias.com\/wp-content\/uploads\/2024\/05\/estacionamiento-medido-olavarria3-scaled.jpg?resize=2048%2C1140&amp;ssl=1 2048w, https:\/\/i0.wp.com\/cdnoticias.com\/wp-content\/uploads\/2024\/05\/estacionamiento-medido-olavarria3-scaled.jpg?resize=800%2C445&amp;ssl=1 800w, https:\/\/i0.wp.com\/cdnoticias.com\/wp-content\/uploads\/2024\/05\/estacionamiento-medido-olavarria3-scaled.jpg?w=1600&amp;ssl=1 1600w, https:\/\/i0.wp.com\/cdnoticias.com\/wp-content\/uploads\/2024\/05\/estacionamiento-medido-olavarria3-scaled.jpg?w=2400&amp;ssl=1 2400w\" sizes=\"auto, (max-width: 800px) 100vw, 800px\" \/><\/figure>\n\n\n\n<p><\/p>\n\n\n\n<p>En ese sentido, record\u00f3 que \u201c<strong>el vecino frentista tiene la posibilidad de estacionarse a 300 metros lineales o a la redonda de su domicilio.<\/strong> Nos manejamos con un sistema que te dice absolutamente todo, donde estaba georeferenciado el veh\u00edculo, qu\u00e9 dominio era, qu\u00e9 modelo, etc\u00e9tera, entonces tambi\u00e9n tenemos formas de comprobar en el caso de que la infracci\u00f3n est\u00e9 mal o bien tomada. Es chequear y comprobar que as\u00ed sea\u201d.<\/p>\n\n\n\n<p><\/p>\n\n\n\n<p>Asimismo, asegur\u00f3 que \u201c<strong>todav\u00eda nos encontramos por debajo del piso que entendemos que ten\u00eda el sistema anterior de cantidad de frentistas registrados. <\/strong>Aprovecho este espacio para invitar a aquellos vecinos que no hayan iniciado el tr\u00e1mite de la eximici\u00f3n, que se pasen por nuestras oficinas en calle Rivadavia, pegadito al Teatro Municipal&#8221;.<\/p>\n","protected":false},"excerpt":{"rendered":"<p>Ser\u00e1 desde el lunes 8 de julio. El coordinador del Servicio de Estacionamiento Medido, explic\u00f3 los objetivos de la iniciativa.<\/p>\n","protected":false},"author":2,"featured_media":115664,"comment_status":"closed","ping_status":"closed","sticky":false,"template":"","format":"standard","meta":{"_jetpack_memberships_contains_paid_content":false,"footnotes":""},"categories":[5,1],"tags":[],"class_list":["post-119852","post","type-post","status-publish","format-standard","has-post-thumbnail","hentry","category-informacion-general","category-portada"],"jetpack_featured_media_url":"https:\/\/i0.wp.com\/cdnoticias.com\/wp-content\/uploads\/2024\/05\/Estacionamiento-Medido-SEMO2.jpeg?fit=1400%2C931&ssl=1","jetpack_sharing_enabled":true,"_links":{"self":[{"href":"https:\/\/cdnoticias.com\/index.php\/wp-json\/wp\/v2\/posts\/119852","targetHints":{"allow":["GET"]}}],"collection":[{"href":"https:\/\/cdnoticias.com\/index.php\/wp-json\/wp\/v2\/posts"}],"about":[{"href":"https:\/\/cdnoticias.com\/index.php\/wp-json\/wp\/v2\/types\/post"}],"author":[{"embeddable":true,"href":"https:\/\/cdnoticias.com\/index.php\/wp-json\/wp\/v2\/users\/2"}],"replies":[{"embeddable":true,"href":"https:\/\/cdnoticias.com\/index.php\/wp-json\/wp\/v2\/comments?post=119852"}],"version-history":[{"count":0,"href":"https:\/\/cdnoticias.com\/index.php\/wp-json\/wp\/v2\/posts\/119852\/revisions"}],"wp:featuredmedia":[{"embeddable":true,"href":"https:\/\/cdnoticias.com\/index.php\/wp-json\/wp\/v2\/media\/115664"}],"wp:attachment":[{"href":"https:\/\/cdnoticias.com\/index.php\/wp-json\/wp\/v2\/media?parent=119852"}],"wp:term":[{"taxonomy":"category","embeddable":true,"href":"https:\/\/cdnoticias.com\/index.php\/wp-json\/wp\/v2\/categories?post=119852"},{"taxonomy":"post_tag","embeddable":true,"href":"https:\/\/cdnoticias.com\/index.php\/wp-json\/wp\/v2\/tags?post=119852"}],"curies":[{"name":"wp","href":"https:\/\/api.w.org\/{rel}","templated":true}]}}