{"id":119839,"date":"2024-07-04T09:47:26","date_gmt":"2024-07-04T12:47:26","guid":{"rendered":"https:\/\/cdnoticias.com\/?p=119839"},"modified":"2024-07-04T10:24:38","modified_gmt":"2024-07-04T13:24:38","slug":"olavarria-entre-las-ciudades-mas-frias-del-pais-2","status":"publish","type":"post","link":"https:\/\/cdnoticias.com\/index.php\/2024\/07\/04\/olavarria-entre-las-ciudades-mas-frias-del-pais-2\/","title":{"rendered":"Olavarr\u00eda, entre las ciudades m\u00e1s fr\u00edas del pa\u00eds"},"content":{"rendered":"<p>A partir de las 9 de la ma\u00f1ana de este jueves, nuestra ciudad es la segunda m\u00e1s fr\u00eda de la provincia de Buenos Aires. La m\u00ednima del d\u00eda se marc\u00f3 a las 2.20: 3,7\u00ba bajo cero.<!--more--><\/p>\n<hr \/>\n<p><strong>Olavarr\u00eda est\u00e1 entre las ciudades m\u00e1s fr\u00edas del pa\u00eds<\/strong>, pero lo curioso es que ingres\u00f3 a los puestos m\u00e1s bajos del ranking que elabora el Servicio Meteorol\u00f3gico Nacional <strong>a partir de las 9 de la ma\u00f1ana<\/strong> del jueves.<\/p>\n<blockquote><p>Desde esa hora, nuestra ciudad es la segunda m\u00e1s fr\u00eda de la provincia de Buenos Aires y la d\u00e9cima m\u00e1s fr\u00eda del pa\u00eds. La Estaci\u00f3n Meteorol\u00f3gica de Olavarr\u00eda registr\u00f3 1,4\u00ba bajo cero de temperatura con sensaci\u00f3n t\u00e9rmica de 6,1\u00ba grados bajo cero y 85% de humedad.<\/p><\/blockquote>\n<p>La <strong>m\u00ednima<\/strong> del d\u00eda se marc\u00f3<strong> a las 2.20<\/strong> de la madrugada: <strong>3,7\u00ba bajo cero.<\/strong><\/p>\n<p><img data-recalc-dims=\"1\" loading=\"lazy\" decoding=\"async\" class=\"size-large wp-image-119840 aligncenter\" src=\"https:\/\/i0.wp.com\/cdnoticias.com\/wp-content\/uploads\/2024\/07\/frio-ranking-4-de-julio-2024.jpg?resize=800%2C520&#038;ssl=1\" alt=\"\" width=\"800\" height=\"520\" srcset=\"https:\/\/i0.wp.com\/cdnoticias.com\/wp-content\/uploads\/2024\/07\/frio-ranking-4-de-julio-2024.jpg?resize=1024%2C665&amp;ssl=1 1024w, https:\/\/i0.wp.com\/cdnoticias.com\/wp-content\/uploads\/2024\/07\/frio-ranking-4-de-julio-2024.jpg?resize=300%2C195&amp;ssl=1 300w, https:\/\/i0.wp.com\/cdnoticias.com\/wp-content\/uploads\/2024\/07\/frio-ranking-4-de-julio-2024.jpg?resize=768%2C499&amp;ssl=1 768w, https:\/\/i0.wp.com\/cdnoticias.com\/wp-content\/uploads\/2024\/07\/frio-ranking-4-de-julio-2024.jpg?w=1268&amp;ssl=1 1268w\" sizes=\"auto, (max-width: 800px) 100vw, 800px\" \/><\/p>\n<p><strong>La ciudad m\u00e1s fr\u00eda de la provincia de Buenos Aires es Jun\u00edn<\/strong>, que se mantiene en ese puesto desde las primeras horas de la ma\u00f1ana, con un registro para la hora 9 de <strong>2,4\u00ba grados bajo cero<\/strong>. Jun\u00edn es adem\u00e1s la quinta ciudad m\u00e1s fr\u00eda del pa\u00eds.<\/p>\n<p>Las<strong> ciudades m\u00e1s fr\u00edas del pa\u00eds<\/strong> son <strong>La Quiaca<\/strong> (Jujuy) con -4,6\u00ba, <strong>Maquinchao<\/strong> (R\u00edo Negro) -4,3\u00ba y <strong>Villa Reynolds<\/strong> (San Luis) -3,7\u00ba.<\/p>\n<p>En tanto, cabe se\u00f1alar que gran parte de la provincia de Buenos Aires est\u00e1 alcanzada un <strong>alerta por temperaturas extremas por fr\u00edo<\/strong>.<\/p>\n<blockquote class=\"twitter-tweet\">\n<p dir=\"ltr\" lang=\"es\">\u26a0\ufe0f Atenci\u00f3n | \ud83d\udfe1 Alerta Amarilla por fr\u00edo \u2744\ufe0f<\/p>\n<p>Las bajas temperaturas siguen afectando la Provincia de Buenos Aires.<br \/>\nReforz\u00e1 las medidas para cuidarte del fr\u00edo.<\/p>\n<p>\u00a1Mantenete abrigado! \ud83e\udde3<a href=\"https:\/\/twitter.com\/SMN_Argentina?ref_src=twsrc%5Etfw\">@SMN_Argentina<\/a> <a href=\"https:\/\/twitter.com\/BAProvincia?ref_src=twsrc%5Etfw\">@BAProvincia<\/a> <a href=\"https:\/\/t.co\/nhHc5qCTsU\">pic.twitter.com\/nhHc5qCTsU<\/a><\/p>\n<p>\u2014 Defensa Civil PBA (@defensacivilpba) <a href=\"https:\/\/twitter.com\/defensacivilpba\/status\/1808642958725419057?ref_src=twsrc%5Etfw\">July 3, 2024<\/a><\/p><\/blockquote>\n<p><script async src=\"https:\/\/platform.twitter.com\/widgets.js\" charset=\"utf-8\"><\/script><\/p>\n","protected":false},"excerpt":{"rendered":"<p>A partir de las 9 de la ma\u00f1ana de este jueves, nuestra ciudad es la segunda m\u00e1s fr\u00eda de la<\/p>\n","protected":false},"author":4,"featured_media":119543,"comment_status":"closed","ping_status":"closed","sticky":false,"template":"","format":"standard","meta":{"_jetpack_memberships_contains_paid_content":false,"footnotes":""},"categories":[5,1],"tags":[],"class_list":["post-119839","post","type-post","status-publish","format-standard","has-post-thumbnail","hentry","category-informacion-general","category-portada"],"jetpack_featured_media_url":"https:\/\/i0.wp.com\/cdnoticias.com\/wp-content\/uploads\/2024\/06\/clima-frio-invierno-cielo-despejado-00.jpg?fit=1000%2C557&ssl=1","jetpack_sharing_enabled":true,"_links":{"self":[{"href":"https:\/\/cdnoticias.com\/index.php\/wp-json\/wp\/v2\/posts\/119839","targetHints":{"allow":["GET"]}}],"collection":[{"href":"https:\/\/cdnoticias.com\/index.php\/wp-json\/wp\/v2\/posts"}],"about":[{"href":"https:\/\/cdnoticias.com\/index.php\/wp-json\/wp\/v2\/types\/post"}],"author":[{"embeddable":true,"href":"https:\/\/cdnoticias.com\/index.php\/wp-json\/wp\/v2\/users\/4"}],"replies":[{"embeddable":true,"href":"https:\/\/cdnoticias.com\/index.php\/wp-json\/wp\/v2\/comments?post=119839"}],"version-history":[{"count":0,"href":"https:\/\/cdnoticias.com\/index.php\/wp-json\/wp\/v2\/posts\/119839\/revisions"}],"wp:featuredmedia":[{"embeddable":true,"href":"https:\/\/cdnoticias.com\/index.php\/wp-json\/wp\/v2\/media\/119543"}],"wp:attachment":[{"href":"https:\/\/cdnoticias.com\/index.php\/wp-json\/wp\/v2\/media?parent=119839"}],"wp:term":[{"taxonomy":"category","embeddable":true,"href":"https:\/\/cdnoticias.com\/index.php\/wp-json\/wp\/v2\/categories?post=119839"},{"taxonomy":"post_tag","embeddable":true,"href":"https:\/\/cdnoticias.com\/index.php\/wp-json\/wp\/v2\/tags?post=119839"}],"curies":[{"name":"wp","href":"https:\/\/api.w.org\/{rel}","templated":true}]}}