{"id":119836,"date":"2024-07-05T10:32:53","date_gmt":"2024-07-05T13:32:53","guid":{"rendered":"https:\/\/cdnoticias.com\/?p=119836"},"modified":"2024-07-05T18:06:34","modified_gmt":"2024-07-05T21:06:34","slug":"el-programa-patios-abiertos-celebra-20-anos-con-actividades-artisticas","status":"publish","type":"post","link":"https:\/\/cdnoticias.com\/index.php\/2024\/07\/05\/el-programa-patios-abiertos-celebra-20-anos-con-actividades-artisticas\/","title":{"rendered":"El Programa Patios Abiertos celebra 20 a\u00f1os con actividades art\u00edsticas"},"content":{"rendered":"\n<p>Ser\u00e1 el s\u00e1bado 6 de julio en la Casa del Bicentenario en el horario de 10 a 13. Se invita a la comunidad a participar de la propuesta.<\/p>\n\n\n\n<hr class=\"wp-block-separator has-alpha-channel-opacity\"\/>\n\n\n\n<p>El pr\u00f3ximo<strong> s\u00e1bado 6 de julio en la Casa del Bicentenario<\/strong> se llevar\u00e1 a cabo la celebraci\u00f3n del <strong>20 aniversario del Programa Patios Abiertos<\/strong> con actividades art\u00edsticas y <strong>abierto a toda la comunidad.<\/strong><\/p>\n\n\n\n<p><\/p>\n\n\n\n<p>Ser\u00e1 en el horario <strong>de 10 a 13 <\/strong>y se abordar\u00e1 la tem\u00e1tica del vuelo en los Patios. <strong>Se trabajar\u00e1 con aviones y con la idea de un viaje.<\/strong><\/p>\n\n\n\n<p><\/p>\n\n\n\n<p><strong>Patios Abiertos<\/strong> es una propuesta de la Direcci\u00f3n de Pol\u00edticas Socioeducativas (Subsecretar\u00eda de Educaci\u00f3n, DGCyE) de la provincia de Buenos Aires destinada al fomento de <strong>proyectos socioeducativos para la franja etaria comprendida entre los 4 y los 21 a\u00f1os.<\/strong> Forma parte de un conjunto de proyectos tendientes a garantizar el derecho social a la educaci\u00f3n y el acceso a los bienes sociales y culturales.<\/p>\n\n\n\n<p><\/p>\n\n\n\n<blockquote class=\"wp-block-quote is-layout-flow wp-block-quote-is-layout-flow\">\n<p>Los Patios Abiertos son una herramienta de inclusi\u00f3n educativa que brinda la posibilidad de convocar a las infancias y juventudes a ser parte de un proyecto y, a trav\u00e9s del mismo, revincularse con la escuela.<\/p>\n<\/blockquote>\n\n\n\n<p><\/p>\n\n\n\n<p>La ciudad de Olavarr\u00eda cuenta con cuatro Patios Abiertos que funcionan en la<strong> Escuela Secundaria N\u00b01, Escuela Primaria N\u00b022, Escuela Primaria N\u00b052 y la Escuela Primaria N\u00b02 Sierra Chica.<\/strong><\/p>\n\n\n\n<p><\/p>\n\n\n\n<p>Todas las sedes fueron creadas en el a\u00f1o 2004. <strong>Albergan a m\u00e1s de 90 ni\u00f1os\/ni\u00f1as y adolescentes, de entre 3 a 20 a\u00f1os.<\/strong><\/p>\n\n\n\n<p><\/p>\n\n\n\n<blockquote class=\"wp-block-quote is-layout-flow wp-block-quote-is-layout-flow\">\n<p>El objetivo principal de los Patios es <strong>acompa\u00f1ar las trayectorias educativas de los y las ni\u00f1os, ni\u00f1as y adolescentes<\/strong> que se encuentran en los contextos de mayor vulnerabilidad socioeducativa, promoviendo los v\u00ednculos y la articulaci\u00f3n entre la escuela, las familias y el entorno socio comunitario.<\/p>\n<\/blockquote>\n\n\n\n<p><\/p>\n\n\n\n<p>Los proyectos son planificados <strong>a partir de los intereses y necesidades de ni\u00f1as, ni\u00f1os, adolescentes y j\u00f3venes,<\/strong> comprendidos entre los 4 y los 21 a\u00f1os, que concurren a escuelas de diferentes niveles y modalidades donde est\u00e1 presente el programa.<\/p>\n\n\n\n<p><\/p>\n\n\n\n<p>Actualmente, existe una amplia diversidad de <strong>proyectos socioeducativos culturales, art\u00edsticos, cient\u00edficos, deportivos y recreativos<\/strong> que dan cuenta de la singularidad que adquiere el programa de manera situada a nivel territorial.<\/p>\n\n\n\n<p><\/p>\n\n\n\n<p>Entre los ejes de trabajo se jerarquizan temas como: Educaci\u00f3n Sexual Integral; Educaci\u00f3n Ambiental; Familias, comunidades y territorialidad; Intensificaci\u00f3n de la ense\u00f1anza (lectura, escritura, alfabetizaci\u00f3n); Alfabetizaci\u00f3n digital; Acceso a derechos.<\/p>\n","protected":false},"excerpt":{"rendered":"<p>Ser\u00e1 el s\u00e1bado 6 de julio en la Casa del Bicentenario en el horario de 10 a 13. Se invita<\/p>\n","protected":false},"author":2,"featured_media":119837,"comment_status":"closed","ping_status":"closed","sticky":false,"template":"","format":"standard","meta":{"_jetpack_memberships_contains_paid_content":false,"footnotes":""},"categories":[5,1],"tags":[],"class_list":["post-119836","post","type-post","status-publish","format-standard","has-post-thumbnail","hentry","category-informacion-general","category-portada"],"jetpack_featured_media_url":"https:\/\/i0.wp.com\/cdnoticias.com\/wp-content\/uploads\/2024\/07\/patios-abiertos.jpg?fit=800%2C445&ssl=1","jetpack_sharing_enabled":true,"_links":{"self":[{"href":"https:\/\/cdnoticias.com\/index.php\/wp-json\/wp\/v2\/posts\/119836","targetHints":{"allow":["GET"]}}],"collection":[{"href":"https:\/\/cdnoticias.com\/index.php\/wp-json\/wp\/v2\/posts"}],"about":[{"href":"https:\/\/cdnoticias.com\/index.php\/wp-json\/wp\/v2\/types\/post"}],"author":[{"embeddable":true,"href":"https:\/\/cdnoticias.com\/index.php\/wp-json\/wp\/v2\/users\/2"}],"replies":[{"embeddable":true,"href":"https:\/\/cdnoticias.com\/index.php\/wp-json\/wp\/v2\/comments?post=119836"}],"version-history":[{"count":0,"href":"https:\/\/cdnoticias.com\/index.php\/wp-json\/wp\/v2\/posts\/119836\/revisions"}],"wp:featuredmedia":[{"embeddable":true,"href":"https:\/\/cdnoticias.com\/index.php\/wp-json\/wp\/v2\/media\/119837"}],"wp:attachment":[{"href":"https:\/\/cdnoticias.com\/index.php\/wp-json\/wp\/v2\/media?parent=119836"}],"wp:term":[{"taxonomy":"category","embeddable":true,"href":"https:\/\/cdnoticias.com\/index.php\/wp-json\/wp\/v2\/categories?post=119836"},{"taxonomy":"post_tag","embeddable":true,"href":"https:\/\/cdnoticias.com\/index.php\/wp-json\/wp\/v2\/tags?post=119836"}],"curies":[{"name":"wp","href":"https:\/\/api.w.org\/{rel}","templated":true}]}}