{"id":119827,"date":"2024-07-04T08:39:05","date_gmt":"2024-07-04T11:39:05","guid":{"rendered":"https:\/\/cdnoticias.com\/?p=119827"},"modified":"2024-07-04T11:47:04","modified_gmt":"2024-07-04T14:47:04","slug":"un-hombre-fue-aprehendido-por-retener-en-una-vivienda-a-dos-mujeres","status":"publish","type":"post","link":"https:\/\/cdnoticias.com\/index.php\/2024\/07\/04\/un-hombre-fue-aprehendido-por-retener-en-una-vivienda-a-dos-mujeres\/","title":{"rendered":"Un hombre fue aprehendido por retener en una vivienda a dos mujeres"},"content":{"rendered":"\n<p>Ocurri\u00f3 en un departamento de barrio Fonavi. Seg\u00fan se indic\u00f3 las hab\u00eda amenazado con un arma blanca y no permit\u00eda que salieran del lugar.<\/p>\n\n\n\n<hr class=\"wp-block-separator has-alpha-channel-opacity\"\/>\n\n\n\n<p>Un <strong>hombre de 29 a\u00f1os fue aprehendido por personal del Comando de Patrullas<\/strong> en una vivienda de barrio Fonavi, tras una llamada de emergencia al 911.<\/p>\n\n\n\n<p><\/p>\n\n\n\n<p>Seg\u00fan se indic\u00f3, cuando el personal policial lleg\u00f3 al lugar,<strong> el hombre se encontraba en el interior del domicilio amenazando con un arma blanca y reteniendo contra su voluntad a dos mujeres.<\/strong><\/p>\n\n\n\n<p><\/p>\n\n\n\n<p>Si bien no se brindaron mayores precisiones, se inform\u00f3 que <strong>el aprehendido fue alojado en la comisar\u00eda Segunda a disposici\u00f3n de la UFI N\u00b0 5 <\/strong>especializada en violencia familiar y de g\u00e9nero, a cargo de la doctora Mariela Viceconte.<\/p>\n\n\n\n<p><\/p>\n\n\n\n<p>La causa est\u00e1 caratulada como <strong>\u201cprivaci\u00f3n ileg\u00edtima de la libertad, amenazas agravadas y lesiones\u201d.<\/strong><\/p>\n","protected":false},"excerpt":{"rendered":"<p>Ocurri\u00f3 en un departamento de barrio Fonavi. Seg\u00fan se indic\u00f3 las hab\u00eda amenazado con un arma blanca y no permit\u00eda<\/p>\n","protected":false},"author":2,"featured_media":119828,"comment_status":"closed","ping_status":"closed","sticky":false,"template":"","format":"standard","meta":{"_jetpack_memberships_contains_paid_content":false,"footnotes":""},"categories":[14,1],"tags":[],"class_list":["post-119827","post","type-post","status-publish","format-standard","has-post-thumbnail","hentry","category-policiales","category-portada"],"jetpack_featured_media_url":"https:\/\/i0.wp.com\/cdnoticias.com\/wp-content\/uploads\/2024\/07\/aprehendido-fonavi.jpg?fit=800%2C444&ssl=1","jetpack_sharing_enabled":true,"_links":{"self":[{"href":"https:\/\/cdnoticias.com\/index.php\/wp-json\/wp\/v2\/posts\/119827","targetHints":{"allow":["GET"]}}],"collection":[{"href":"https:\/\/cdnoticias.com\/index.php\/wp-json\/wp\/v2\/posts"}],"about":[{"href":"https:\/\/cdnoticias.com\/index.php\/wp-json\/wp\/v2\/types\/post"}],"author":[{"embeddable":true,"href":"https:\/\/cdnoticias.com\/index.php\/wp-json\/wp\/v2\/users\/2"}],"replies":[{"embeddable":true,"href":"https:\/\/cdnoticias.com\/index.php\/wp-json\/wp\/v2\/comments?post=119827"}],"version-history":[{"count":0,"href":"https:\/\/cdnoticias.com\/index.php\/wp-json\/wp\/v2\/posts\/119827\/revisions"}],"wp:featuredmedia":[{"embeddable":true,"href":"https:\/\/cdnoticias.com\/index.php\/wp-json\/wp\/v2\/media\/119828"}],"wp:attachment":[{"href":"https:\/\/cdnoticias.com\/index.php\/wp-json\/wp\/v2\/media?parent=119827"}],"wp:term":[{"taxonomy":"category","embeddable":true,"href":"https:\/\/cdnoticias.com\/index.php\/wp-json\/wp\/v2\/categories?post=119827"},{"taxonomy":"post_tag","embeddable":true,"href":"https:\/\/cdnoticias.com\/index.php\/wp-json\/wp\/v2\/tags?post=119827"}],"curies":[{"name":"wp","href":"https:\/\/api.w.org\/{rel}","templated":true}]}}