{"id":119824,"date":"2024-07-04T08:38:55","date_gmt":"2024-07-04T11:38:55","guid":{"rendered":"https:\/\/cdnoticias.com\/?p=119824"},"modified":"2024-07-04T09:47:48","modified_gmt":"2024-07-04T12:47:48","slug":"un-yerno-de-julio-de-vido-y-altos-jefes-policiales-implicados-en-un-robo-en-bolivar","status":"publish","type":"post","link":"https:\/\/cdnoticias.com\/index.php\/2024\/07\/04\/un-yerno-de-julio-de-vido-y-altos-jefes-policiales-implicados-en-un-robo-en-bolivar\/","title":{"rendered":"Un yerno de Julio De Vido y altos jefes policiales implicados en un robo en Bol\u00edvar"},"content":{"rendered":"<p>La Polic\u00eda Federal realiz\u00f3 cinco allanamientos y procedi\u00f3 a la detenci\u00f3n de Mart\u00edn Ramos, el comisario mayor Ariel Vallejos y el mayor Mart\u00edn Rodr\u00edguez, adem\u00e1s de Gabriela Dunn. Todos formar\u00edan parte de una organizaci\u00f3n delictiva que dise\u00f1\u00f3 y perpetr\u00f3 el robo el 10 de abril en la vecina ciudad.<!--more--><\/p>\n<hr \/>\n<p>El <strong>robo del que fue v\u00edctima Mauro Daniel Flores<\/strong> el pasado 10 de abril en Bol\u00edvar, cuando<strong> malhechores disfrazados con uniformes de la Polic\u00eda Federal irrumpieron en su domicilio de la avenida Calfucur\u00e1<\/strong>, asumi\u00f3 por estas horas ribetes insospechados.<\/p>\n<p>Como se inform\u00f3 en su momento, el hecho se produjo en horas de la madrugada de ese d\u00eda, cuando Flores se encontraba pernoctando en su vivienda del Barrio Banco Provincia. All\u00ed, <strong>cinco personas violentaron la verja de acceso y la puerta de ingreso, maniataron a Flores y se abocaron a la b\u00fasqueda de documentaci\u00f3n y dinero en efectivo.<\/strong><\/p>\n<p>Luego de <strong>maltratar a la v\u00edctima<\/strong>, a quien presionaron para conseguir un presunto bot\u00edn en d\u00f3lares que finalmente no exist\u00eda, <strong>se llevaron una importante documentaci\u00f3n relacionada con propiedades inmuebles.<\/strong><\/p>\n<p>La <strong>investigaci\u00f3n encabezada por la UFI 15 de Bol\u00edvar, a cargo de la Dra. Julia Mar\u00eda Sebasti\u00e1n<\/strong>, con participaci\u00f3n de la Sub DDI de esa ciudad, comenz\u00f3 a atar cabos que llevaron a la realizaci\u00f3n de importantes allanamientos en el d\u00eda mi\u00e9rcoles, que permitir\u00e1n arrojar luz definitiva sobre la cuesti\u00f3n.<\/p>\n<p>De acuerdo a informaci\u00f3n a la que pudo acceder diario La Ma\u00f1ana, <strong>el d\u00eda 20 de abril<\/strong> de este a\u00f1o se produjo, por el avance investigativo, la <strong>detenci\u00f3n de Paula Karina Fern\u00e1ndez y Carlos Francisco Rossi<\/strong>. La primera de las nombradas fue encartada como<strong> presunta cabecilla de una organizaci\u00f3n delictiva<\/strong> que tendr\u00eda profusas ramificaciones. Al respecto, cabe se\u00f1alar que<strong> Carlos Francisco Rossi es un hombre vinculado a la ex SIDE y al ej\u00e9rcito, quien habr\u00eda aportado inteligencia para la comisi\u00f3n del robo perpetrado.<\/strong><\/p>\n<figure id=\"attachment_119826\" aria-describedby=\"caption-attachment-119826\" style=\"width: 1024px\" class=\"wp-caption aligncenter\"><img data-recalc-dims=\"1\" loading=\"lazy\" decoding=\"async\" class=\"wp-image-119826 size-full\" src=\"https:\/\/i0.wp.com\/cdnoticias.com\/wp-content\/uploads\/2024\/07\/bolivar-Detencion-robo-mauro-daniel-flores-1.jpeg?resize=800%2C449&#038;ssl=1\" alt=\"\" width=\"800\" height=\"449\" srcset=\"https:\/\/i0.wp.com\/cdnoticias.com\/wp-content\/uploads\/2024\/07\/bolivar-Detencion-robo-mauro-daniel-flores-1.jpeg?w=1024&amp;ssl=1 1024w, https:\/\/i0.wp.com\/cdnoticias.com\/wp-content\/uploads\/2024\/07\/bolivar-Detencion-robo-mauro-daniel-flores-1.jpeg?resize=300%2C168&amp;ssl=1 300w, https:\/\/i0.wp.com\/cdnoticias.com\/wp-content\/uploads\/2024\/07\/bolivar-Detencion-robo-mauro-daniel-flores-1.jpeg?resize=768%2C431&amp;ssl=1 768w\" sizes=\"auto, (max-width: 800px) 100vw, 800px\" \/><figcaption id=\"caption-attachment-119826\" class=\"wp-caption-text\">De izquierda a derecha: Gabriela Dumm, Mart\u00edn Rodr\u00edguez y Ariel Vallejos.<\/figcaption><\/figure>\n<p>El <strong>29 de abril<\/strong>, como consecuencia de las tareas investigativas, <strong>se entreg\u00f3 en sede de la Unidad Funcional de Investigaci\u00f3n de Bol\u00edvar C\u00e9sar Manuel Almir\u00f3n, gendarme retirado y propietario y gerente de una empresa de seguridad privada<\/strong> llamada Neculman Group S.A., quien tambi\u00e9n ser\u00eda part\u00edcipe de la organizaci\u00f3n criminal.<\/p>\n<p>Seg\u00fan detalles contenidos en la causa, <strong>Almir\u00f3n y Rossi habr\u00edan sido dos de las personas que ingresaron al domicilio de Flores<\/strong> y quienes antes del hecho estuvieron en Bol\u00edvar al menos en dos oportunidades realizando tareas de inteligencia y vigilancia de los movimientos de Flores.<\/p>\n<blockquote><p>Ambos habr\u00edan sido contactados por Paula Fern\u00e1ndez a trav\u00e9s de la gesti\u00f3n realizada por Mart\u00edn Ramos, quien resulta ser yerno del ex ministro Julio De Vido, un hombre sobre el que pesan varios procesamientos anteriores. Ramos tambi\u00e9n habr\u00eda generado mayores vinculaciones que incluir\u00edan a dos altos jefes policiales de la Polic\u00eda de la Provincia de Buenos Aires, entre ellos el comisario mayor Ariel Vallejos, quien fue desafectado de la Divisi\u00f3n Delitos Especiales de Investigaciones de la provincia, a cuyo cargo ocupaba al momento del hecho, y el mayor Mart\u00edn Rodr\u00edguez, efectivo policial que tiene un cargo designado en la sub jefatura de la Polic\u00eda Bonaerense.<\/p><\/blockquote>\n<p>Esta situaci\u00f3n, <strong>la presunta participaci\u00f3n de altos efectivos policiales bonaerenses, fue lo que determin\u00f3 que la investigaci\u00f3n saliera de la \u00f3rbita de la Sub DDI local<\/strong> y que <strong>derivara a la actuaci\u00f3n de la Polic\u00eda Federal<\/strong>, repartici\u00f3n a cuyo cargo estuvieron los allanamientos practicados en el d\u00eda de la fecha.<\/p>\n<p>De conformidad a informaci\u00f3n obtenida por diario La Ma\u00f1ana de fuentes seguras<strong> se realizaron cinco procedimientos<\/strong>. Tuvieron lugar en los<strong> domicilios de los ya mencionados Mart\u00edn Ramos, Ariel Vallejos y Mart\u00edn Rodr\u00edguez y en los de Gabriela Dunn<\/strong> (quien ser\u00eda la encargada por la organizaci\u00f3n de resguardar los bienes robados) <strong>y Diego Gast\u00f3n Cruz<\/strong> (quien tambi\u00e9n habr\u00eda sido parte de la actuaci\u00f3n delictiva en el domicilio de Flores), este \u00faltimo con resultado negativo al no haber sido localizado en el lugar.<\/p>\n<p>Todos fueron<strong> trasladados a la sede del Departamento de Investigaciones Especiales de Polic\u00eda Federal Argentina<\/strong> a fin de cumplimentar con los recaudos legales correspondientes.<strong> Se secuestraron, en todos los casos los dispositivos celulares<\/strong> personales que ser\u00e1n peritados.<\/p>\n<p>Fuente y fotos: <em>Diario La Ma\u00f1ana<\/em><\/p>\n","protected":false},"excerpt":{"rendered":"<p>La Polic\u00eda Federal realiz\u00f3 cinco allanamientos y procedi\u00f3 a la detenci\u00f3n de Mart\u00edn Ramos, el comisario mayor Ariel Vallejos y<\/p>\n","protected":false},"author":4,"featured_media":119825,"comment_status":"closed","ping_status":"closed","sticky":false,"template":"","format":"standard","meta":{"_jetpack_memberships_contains_paid_content":false,"footnotes":""},"categories":[6,1],"tags":[],"class_list":["post-119824","post","type-post","status-publish","format-standard","has-post-thumbnail","hentry","category-nacionales","category-portada"],"jetpack_featured_media_url":"https:\/\/i0.wp.com\/cdnoticias.com\/wp-content\/uploads\/2024\/07\/bolivar-Detencion-robo-mauro-daniel-flores-Martin-Ramos-yerno-de-Julio-de-Vido.jpeg?fit=696%2C390&ssl=1","jetpack_sharing_enabled":true,"_links":{"self":[{"href":"https:\/\/cdnoticias.com\/index.php\/wp-json\/wp\/v2\/posts\/119824","targetHints":{"allow":["GET"]}}],"collection":[{"href":"https:\/\/cdnoticias.com\/index.php\/wp-json\/wp\/v2\/posts"}],"about":[{"href":"https:\/\/cdnoticias.com\/index.php\/wp-json\/wp\/v2\/types\/post"}],"author":[{"embeddable":true,"href":"https:\/\/cdnoticias.com\/index.php\/wp-json\/wp\/v2\/users\/4"}],"replies":[{"embeddable":true,"href":"https:\/\/cdnoticias.com\/index.php\/wp-json\/wp\/v2\/comments?post=119824"}],"version-history":[{"count":0,"href":"https:\/\/cdnoticias.com\/index.php\/wp-json\/wp\/v2\/posts\/119824\/revisions"}],"wp:featuredmedia":[{"embeddable":true,"href":"https:\/\/cdnoticias.com\/index.php\/wp-json\/wp\/v2\/media\/119825"}],"wp:attachment":[{"href":"https:\/\/cdnoticias.com\/index.php\/wp-json\/wp\/v2\/media?parent=119824"}],"wp:term":[{"taxonomy":"category","embeddable":true,"href":"https:\/\/cdnoticias.com\/index.php\/wp-json\/wp\/v2\/categories?post=119824"},{"taxonomy":"post_tag","embeddable":true,"href":"https:\/\/cdnoticias.com\/index.php\/wp-json\/wp\/v2\/tags?post=119824"}],"curies":[{"name":"wp","href":"https:\/\/api.w.org\/{rel}","templated":true}]}}