{"id":119819,"date":"2024-07-03T21:03:16","date_gmt":"2024-07-04T00:03:16","guid":{"rendered":"https:\/\/cdnoticias.com\/?p=119819"},"modified":"2024-07-03T21:03:18","modified_gmt":"2024-07-04T00:03:18","slug":"como-estara-el-tiempo-en-olavarria-para-este-jueves-4-de-julio","status":"publish","type":"post","link":"https:\/\/cdnoticias.com\/index.php\/2024\/07\/03\/como-estara-el-tiempo-en-olavarria-para-este-jueves-4-de-julio\/","title":{"rendered":"C\u00f3mo estar\u00e1 el tiempo en Olavarr\u00eda para este jueves 4 de julio"},"content":{"rendered":"\n<p>Ser\u00e1 un d\u00eda notablemente fr\u00edo, con cielos que se despejar\u00e1n a medida que avance la jornada. Aqu\u00ed te dejamos el pron\u00f3stico del tiempo para que puedas planificar tu d\u00eda.<\/p>\n\n\n\n<hr class=\"wp-block-separator aligncenter has-alpha-channel-opacity\"\/>\n\n\n\n<p>En la madrugada, el cielo estar\u00e1 algo nublado. La temperatura ser\u00e1 de alrededor de 1\u00b0C, con vientos provenientes del oeste (O) soplando entre 13 y 22 km\/h, y r\u00e1fagas de hasta 50 km\/h. <strong>Estas condiciones har\u00e1n que la madrugada se sienta muy fr\u00eda, por lo que se recomienda abrigarse bien y tomar precauciones al salir temprano.<\/strong><\/p>\n\n\n\n<p>Durante la ma\u00f1ana, el cielo se despejar\u00e1. <strong>La temperatura descender\u00e1 a 0\u00b0C, y los vientos cambiar\u00e1n de direcci\u00f3n hacia el suroeste (SO), aumentando su velocidad a entre 32 y 41 km\/h, con r\u00e1fagas que podr\u00edan alcanzar los 59 km\/h. <\/strong>Esta combinaci\u00f3n de cielos despejados y vientos fuertes incrementar\u00e1 la sensaci\u00f3n de fr\u00edo, haciendo que<strong> la ma\u00f1ana sea extremadamente fr\u00eda.<\/strong><\/p>\n\n\n\n<p>En la tarde, el cielo permanecer\u00e1 despejado. La temperatura alcanzar\u00e1 un m\u00e1ximo de 10\u00b0C, y los vientos del suroeste (SO) se mantendr\u00e1n fuertes, soplando entre 32 y 41 km\/h, con r\u00e1fagas que podr\u00edan llegar a los 59 km\/h. <strong>A pesar del aumento en la temperatura, los vientos fuertes har\u00e1n que la tarde se sienta fresca y no se perciba un calor significativo.<\/strong><\/p>\n\n\n\n<p>Para la noche, el cielo continuar\u00e1 despejado. <strong>La temperatura descender\u00e1 nuevamente a 1\u00b0C, y los vientos seguir\u00e1n soplando desde el suroeste (SO), aunque su velocidad disminuir\u00e1 a entre 13 y 22 km\/h. La noche ser\u00e1 fr\u00eda, con cielos despejados y vientos m\u00e1s moderados.<\/strong><\/p>\n\n\n\n<p>Este jueves en Olavarr\u00eda estar\u00e1 marcado por un intenso fr\u00edo durante todo el d\u00eda, especialmente en la ma\u00f1ana. Los vientos fuertes y las bajas temperaturas har\u00e1n que la sensaci\u00f3n t\u00e9rmica sea a\u00fan m\u00e1s baja.<strong> Es esencial abrigarse adecuadamente y estar preparado para enfrentar un d\u00eda muy fr\u00edo con cielos despejados y vientos intensos.<\/strong><\/p>\n","protected":false},"excerpt":{"rendered":"<p>Ser\u00e1 un d\u00eda notablemente fr\u00edo, con cielos que se despejar\u00e1n a medida que avance la jornada. Aqu\u00ed te dejamos el<\/p>\n","protected":false},"author":2,"featured_media":90580,"comment_status":"closed","ping_status":"closed","sticky":false,"template":"","format":"standard","meta":{"_jetpack_memberships_contains_paid_content":false,"footnotes":""},"categories":[5],"tags":[],"class_list":["post-119819","post","type-post","status-publish","format-standard","has-post-thumbnail","hentry","category-informacion-general"],"jetpack_featured_media_url":"https:\/\/i0.wp.com\/cdnoticias.com\/wp-content\/uploads\/2023\/07\/helada-frio-invierno-03.jpg?fit=800%2C445&ssl=1","jetpack_sharing_enabled":true,"_links":{"self":[{"href":"https:\/\/cdnoticias.com\/index.php\/wp-json\/wp\/v2\/posts\/119819","targetHints":{"allow":["GET"]}}],"collection":[{"href":"https:\/\/cdnoticias.com\/index.php\/wp-json\/wp\/v2\/posts"}],"about":[{"href":"https:\/\/cdnoticias.com\/index.php\/wp-json\/wp\/v2\/types\/post"}],"author":[{"embeddable":true,"href":"https:\/\/cdnoticias.com\/index.php\/wp-json\/wp\/v2\/users\/2"}],"replies":[{"embeddable":true,"href":"https:\/\/cdnoticias.com\/index.php\/wp-json\/wp\/v2\/comments?post=119819"}],"version-history":[{"count":0,"href":"https:\/\/cdnoticias.com\/index.php\/wp-json\/wp\/v2\/posts\/119819\/revisions"}],"wp:featuredmedia":[{"embeddable":true,"href":"https:\/\/cdnoticias.com\/index.php\/wp-json\/wp\/v2\/media\/90580"}],"wp:attachment":[{"href":"https:\/\/cdnoticias.com\/index.php\/wp-json\/wp\/v2\/media?parent=119819"}],"wp:term":[{"taxonomy":"category","embeddable":true,"href":"https:\/\/cdnoticias.com\/index.php\/wp-json\/wp\/v2\/categories?post=119819"},{"taxonomy":"post_tag","embeddable":true,"href":"https:\/\/cdnoticias.com\/index.php\/wp-json\/wp\/v2\/tags?post=119819"}],"curies":[{"name":"wp","href":"https:\/\/api.w.org\/{rel}","templated":true}]}}