{"id":119796,"date":"2024-07-03T17:07:59","date_gmt":"2024-07-03T20:07:59","guid":{"rendered":"https:\/\/cdnoticias.com\/?p=119796"},"modified":"2024-07-03T17:08:01","modified_gmt":"2024-07-03T20:08:01","slug":"inscripcion-abierta-a-las-carreras-de-sociales-para-comenzar-a-cursar-en-agosto","status":"publish","type":"post","link":"https:\/\/cdnoticias.com\/index.php\/2024\/07\/03\/inscripcion-abierta-a-las-carreras-de-sociales-para-comenzar-a-cursar-en-agosto\/","title":{"rendered":"Inscripci\u00f3n abierta a las carreras de Sociales para comenzar a cursar en agosto"},"content":{"rendered":"\n<p>Permanece abierta la inscripci\u00f3n en la Facultad de Ciencias Sociales para quienes tengan inter\u00e9s en iniciar sus estudios universitarios en el segundo semestre del a\u00f1o.<\/p>\n\n\n\n<hr class=\"wp-block-separator has-alpha-channel-opacity\"\/>\n\n\n\n<p>La Facultad de Ciencias Sociales de la Universidad Nacional del Centro de la Provincia de Buenos Aires abri\u00f3 la inscripci\u00f3n a las carreras de grado para<strong> comenzar a cursar desde el 12 de agosto pr\u00f3ximo.<\/strong><\/p>\n\n\n\n<p><\/p>\n\n\n\n<blockquote class=\"wp-block-quote is-layout-flow wp-block-quote-is-layout-flow\">\n<p>El per\u00edodo de preinscripci\u00f3n estar\u00e1 abierto hasta el 13 de julio y entre 29 de julio al 3 de agosto; a trav\u00e9s de un tr\u00e1mite que se inicia de manera virtual.<\/p>\n<\/blockquote>\n\n\n\n<p><\/p>\n\n\n\n<p><strong>Las carreras de grado de FACSO son:<\/strong><\/p>\n\n\n\n<p><\/p>\n\n\n\n<p><a href=\"https:\/\/www.soc.unicen.edu.ar\/index.php\/carreras-18\/antropologia-orientacion-social\" data-type=\"link\" data-id=\"https:\/\/www.soc.unicen.edu.ar\/index.php\/carreras-18\/antropologia-orientacion-social\">-Licenciatura en Antropolog\u00eda orientaci\u00f3n Social<\/a><\/p>\n\n\n\n<p><a href=\"https:\/\/www.soc.unicen.edu.ar\/index.php\/carreras-18\/antropologia-orientacion-arqueologia\" data-type=\"link\" data-id=\"https:\/\/www.soc.unicen.edu.ar\/index.php\/carreras-18\/antropologia-orientacion-arqueologia\">-Licenciatura en Antropolog\u00eda orientaci\u00f3n Arqueolog\u00eda<\/a><\/p>\n\n\n\n<p><a href=\"https:\/\/www.soc.unicen.edu.ar\/index.php\/carreras-18\/comunicacion-social\" data-type=\"link\" data-id=\"https:\/\/www.soc.unicen.edu.ar\/index.php\/carreras-18\/comunicacion-social\">-Licenciatura en Comunicaci\u00f3n Social<\/a><\/p>\n\n\n\n<p>&#8211;<a href=\"https:\/\/www.soc.unicen.edu.ar\/index.php\/carreras-18\/periodismo\" data-type=\"link\" data-id=\"https:\/\/www.soc.unicen.edu.ar\/index.php\/carreras-18\/periodismo\">Periodismo<\/a><\/p>\n\n\n\n<p><a href=\"https:\/\/www.soc.unicen.edu.ar\/index.php\/carreras-18\/profesorado-en-comunicacion-social\" data-type=\"link\" data-id=\"https:\/\/www.soc.unicen.edu.ar\/index.php\/carreras-18\/profesorado-en-comunicacion-social\">-Profesorado de Comunicaci\u00f3n Social<\/a><\/p>\n\n\n\n<p><a href=\"https:\/\/www.soc.unicen.edu.ar\/index.php\/carreras-18\/profesorado-de-antropologia\" data-type=\"link\" data-id=\"https:\/\/www.soc.unicen.edu.ar\/index.php\/carreras-18\/profesorado-de-antropologia\">-Profesorado de Antropolog\u00eda<\/a><\/p>\n\n\n\n<p><\/p>\n\n\n\n<p>Sociales cuenta con una <strong>amplia visibilidad e inserci\u00f3n en la comunidad de Olavarr\u00eda y la regi\u00f3n,<\/strong> y en sus carreras siempre ha puesto \u00e9nfasis en la <strong>construcci\u00f3n cr\u00edtica del conocimiento y el compromiso social.<\/strong><\/p>\n\n\n\n<p><\/p>\n\n\n\n<p>Asimismo, se caracteriza por ser una instituci\u00f3n de referencia permanente en el \u00e1mbito de la ciencia y la investigaci\u00f3n, con<strong> articulaci\u00f3n continua con organismos cient\u00edficos nacionales e internacionales.<\/strong><\/p>\n\n\n\n<p><\/p>\n\n\n\n<p>Para inscribirse es necesario seguir los pasos disponibles<a href=\"https:\/\/www.soc.unicen.edu.ar\/index.php\/ingresantes\/inscripcion\" data-type=\"link\" data-id=\"https:\/\/www.soc.unicen.edu.ar\/index.php\/ingresantes\/inscripcion\"> aqu\u00ed.<\/a><\/p>\n\n\n\n<p><\/p>\n\n\n\n<p><strong>Consultas<\/strong><\/p>\n\n\n\n<p><\/p>\n\n\n\n<p>Para realizar consultas es posible comunicarse al mail inscripcioncarrerafacso@gmail.com y al celular 02284-247325 (v\u00eda Whatsapp). Para conocer m\u00e1s sobre las carreras es posible escribir al mail futuros.estudiantes@soc.unicen.edu.ar.<\/p>\n\n\n\n<p><\/p>\n","protected":false},"excerpt":{"rendered":"<p>Permanece abierta la inscripci\u00f3n en la Facultad de Ciencias Sociales para quienes tengan inter\u00e9s en iniciar sus estudios universitarios en<\/p>\n","protected":false},"author":2,"featured_media":76444,"comment_status":"closed","ping_status":"closed","sticky":false,"template":"","format":"standard","meta":{"_jetpack_memberships_contains_paid_content":false,"footnotes":""},"categories":[5,1],"tags":[],"class_list":["post-119796","post","type-post","status-publish","format-standard","has-post-thumbnail","hentry","category-informacion-general","category-portada"],"jetpack_featured_media_url":"https:\/\/i0.wp.com\/cdnoticias.com\/wp-content\/uploads\/2023\/02\/facso-facultad-de-ciencias-sociales.jpg?fit=800%2C445&ssl=1","jetpack_sharing_enabled":true,"_links":{"self":[{"href":"https:\/\/cdnoticias.com\/index.php\/wp-json\/wp\/v2\/posts\/119796","targetHints":{"allow":["GET"]}}],"collection":[{"href":"https:\/\/cdnoticias.com\/index.php\/wp-json\/wp\/v2\/posts"}],"about":[{"href":"https:\/\/cdnoticias.com\/index.php\/wp-json\/wp\/v2\/types\/post"}],"author":[{"embeddable":true,"href":"https:\/\/cdnoticias.com\/index.php\/wp-json\/wp\/v2\/users\/2"}],"replies":[{"embeddable":true,"href":"https:\/\/cdnoticias.com\/index.php\/wp-json\/wp\/v2\/comments?post=119796"}],"version-history":[{"count":0,"href":"https:\/\/cdnoticias.com\/index.php\/wp-json\/wp\/v2\/posts\/119796\/revisions"}],"wp:featuredmedia":[{"embeddable":true,"href":"https:\/\/cdnoticias.com\/index.php\/wp-json\/wp\/v2\/media\/76444"}],"wp:attachment":[{"href":"https:\/\/cdnoticias.com\/index.php\/wp-json\/wp\/v2\/media?parent=119796"}],"wp:term":[{"taxonomy":"category","embeddable":true,"href":"https:\/\/cdnoticias.com\/index.php\/wp-json\/wp\/v2\/categories?post=119796"},{"taxonomy":"post_tag","embeddable":true,"href":"https:\/\/cdnoticias.com\/index.php\/wp-json\/wp\/v2\/tags?post=119796"}],"curies":[{"name":"wp","href":"https:\/\/api.w.org\/{rel}","templated":true}]}}