{"id":119781,"date":"2024-07-03T09:03:45","date_gmt":"2024-07-03T12:03:45","guid":{"rendered":"https:\/\/cdnoticias.com\/?p=119781"},"modified":"2024-07-03T11:54:29","modified_gmt":"2024-07-03T14:54:29","slug":"motos-secuestradas-circulaban-sin-documentacion-y-una-en-contramano","status":"publish","type":"post","link":"https:\/\/cdnoticias.com\/index.php\/2024\/07\/03\/motos-secuestradas-circulaban-sin-documentacion-y-una-en-contramano\/","title":{"rendered":"Motos secuestradas: circulaban sin documentaci\u00f3n y una, en contramano"},"content":{"rendered":"<p>Se detallaron numerosas infracciones de tr\u00e1nsito. Dos j\u00f3venes de 18 a\u00f1os fueron interceptados en Pueyrred\u00f3n al 3200.<!--more--><\/p>\n<hr \/>\n<p>En el marco de un <strong>control de tr\u00e1nsito vehicular<\/strong> que personal de<strong> Polic\u00eda Local<\/strong> llev\u00f3 adelante en<strong> Pueyrred\u00f3n al 3200<\/strong> este mi\u00e9rcoles se detall\u00f3 que <strong>dos motos terminaron secuestradas<\/strong> debido a las<strong> infracciones de tr\u00e1nsito<\/strong> que cometieron los conductores, sendos <strong>j\u00f3venes de 18 a\u00f1os.<\/strong><\/p>\n<p>Ambos casos las <strong>actas de infracci\u00f3n a la Ley 24.449<\/strong> fueron elevadas al<strong> Juzgado de Faltas Municipal<\/strong>, a cargo del juez Luciano Blanco.<\/p>\n<p><img data-recalc-dims=\"1\" loading=\"lazy\" decoding=\"async\" class=\"size-full wp-image-119783 aligncenter\" src=\"https:\/\/i0.wp.com\/cdnoticias.com\/wp-content\/uploads\/2024\/07\/Pueyrredon-y-25-de-mayo-01.jpg?resize=800%2C445&#038;ssl=1\" alt=\"\" width=\"800\" height=\"445\" srcset=\"https:\/\/i0.wp.com\/cdnoticias.com\/wp-content\/uploads\/2024\/07\/Pueyrredon-y-25-de-mayo-01.jpg?w=800&amp;ssl=1 800w, https:\/\/i0.wp.com\/cdnoticias.com\/wp-content\/uploads\/2024\/07\/Pueyrredon-y-25-de-mayo-01.jpg?resize=300%2C167&amp;ssl=1 300w, https:\/\/i0.wp.com\/cdnoticias.com\/wp-content\/uploads\/2024\/07\/Pueyrredon-y-25-de-mayo-01.jpg?resize=768%2C427&amp;ssl=1 768w\" sizes=\"auto, (max-width: 800px) 100vw, 800px\" \/><\/p>\n<p>Uno de ellos transitaba en <strong>una motocicleta Marca Motomel 110cc<\/strong> con dominio colocado. El conductor fue infraccionado por circular <strong>sin licencia habilitante<\/strong> (infracci\u00f3n al art\u00edculo 40 inciso A), <strong>sin c\u00e9dula verde identificatoria<\/strong> (art\u00edculo 40 inciso C), <strong>sin seguro obligatorio<\/strong> (art\u00edculo 40 inciso C; art\u00edculo 77) y<strong> en contramano<\/strong> (art\u00edculo 48 inciso C).<\/p>\n<p>La segunda moto secuestrada es <strong>marca Suzuki modelo 100 cc<\/strong>. Se detectaron infracciones por circular<strong> sin c\u00e9dula verde identificatoria<\/strong> (art\u00edculo 40 inciso C) <strong>sin seguro obligatorio<\/strong> (art\u00edculo 40 inciso C; a art\u00edculo 77) y <strong>sin placas de identificaci\u00f3n<\/strong> (art\u00edculo 40 inciso G ).<\/p>\n","protected":false},"excerpt":{"rendered":"<p>Se detallaron numerosas infracciones de tr\u00e1nsito. Dos j\u00f3venes de 18 a\u00f1os fueron interceptados en Pueyrred\u00f3n al 3200.<\/p>\n","protected":false},"author":4,"featured_media":119782,"comment_status":"closed","ping_status":"closed","sticky":false,"template":"","format":"standard","meta":{"_jetpack_memberships_contains_paid_content":false,"footnotes":""},"categories":[14,1],"tags":[],"class_list":["post-119781","post","type-post","status-publish","format-standard","has-post-thumbnail","hentry","category-policiales","category-portada"],"jetpack_featured_media_url":"https:\/\/i0.wp.com\/cdnoticias.com\/wp-content\/uploads\/2024\/07\/Pueyrredon-y-25-de-mayo-00.jpg?fit=800%2C445&ssl=1","jetpack_sharing_enabled":true,"_links":{"self":[{"href":"https:\/\/cdnoticias.com\/index.php\/wp-json\/wp\/v2\/posts\/119781","targetHints":{"allow":["GET"]}}],"collection":[{"href":"https:\/\/cdnoticias.com\/index.php\/wp-json\/wp\/v2\/posts"}],"about":[{"href":"https:\/\/cdnoticias.com\/index.php\/wp-json\/wp\/v2\/types\/post"}],"author":[{"embeddable":true,"href":"https:\/\/cdnoticias.com\/index.php\/wp-json\/wp\/v2\/users\/4"}],"replies":[{"embeddable":true,"href":"https:\/\/cdnoticias.com\/index.php\/wp-json\/wp\/v2\/comments?post=119781"}],"version-history":[{"count":0,"href":"https:\/\/cdnoticias.com\/index.php\/wp-json\/wp\/v2\/posts\/119781\/revisions"}],"wp:featuredmedia":[{"embeddable":true,"href":"https:\/\/cdnoticias.com\/index.php\/wp-json\/wp\/v2\/media\/119782"}],"wp:attachment":[{"href":"https:\/\/cdnoticias.com\/index.php\/wp-json\/wp\/v2\/media?parent=119781"}],"wp:term":[{"taxonomy":"category","embeddable":true,"href":"https:\/\/cdnoticias.com\/index.php\/wp-json\/wp\/v2\/categories?post=119781"},{"taxonomy":"post_tag","embeddable":true,"href":"https:\/\/cdnoticias.com\/index.php\/wp-json\/wp\/v2\/tags?post=119781"}],"curies":[{"name":"wp","href":"https:\/\/api.w.org\/{rel}","templated":true}]}}