{"id":119755,"date":"2024-07-02T19:33:29","date_gmt":"2024-07-02T22:33:29","guid":{"rendered":"https:\/\/cdnoticias.com\/?p=119755"},"modified":"2024-07-03T09:04:06","modified_gmt":"2024-07-03T12:04:06","slug":"se-presento-el-proyecto-de-ley-para-la-creacion-de-unidades-fiscales-para-delitos-rurales","status":"publish","type":"post","link":"https:\/\/cdnoticias.com\/index.php\/2024\/07\/02\/se-presento-el-proyecto-de-ley-para-la-creacion-de-unidades-fiscales-para-delitos-rurales\/","title":{"rendered":"Se present\u00f3 el proyecto de ley para la creaci\u00f3n de unidades fiscales para delitos rurales"},"content":{"rendered":"\n<p>Particip\u00f3 el diputado olavarriense del Pro, Mart\u00edn Endere. \u201cTiene una gran incidencia sobre todo en regiones ganaderas como Olavarr\u00eda\u201d dijo.<\/p>\n\n\n\n<hr class=\"wp-block-separator aligncenter has-alpha-channel-opacity\"\/>\n\n\n\n<p>El diputado provincial del <strong>PRO Mart\u00edn Endere<\/strong> particip\u00f3 este martes en La Plata de la presentaci\u00f3n del <strong>proyecto de ley Unidades Fiscales de Investigaci\u00f3n y Juicio, especializadas en Delitos Rurales y Delitos Conexos.<\/strong><\/p>\n\n\n\n<p>El proyecto, que <strong>cuenta con el acompa\u00f1amiento de Endere, prev\u00e9 que la implementaci\u00f3n de las Unidades Fiscales de Investigaci\u00f3n y Juicio, especializadas en Delitos Rurales y Delitos Conexos, se efectuar\u00e1 en forma gradual en los Departamentos Judiciales de la provincia de Buenos Aires<\/strong> en orden a los \u00edndices de conflictividad y litigiosidad de cada Departamento Judicial.<\/p>\n\n\n\n<p>Al respecto, Mart\u00edn Endere se\u00f1al\u00f3: <em>\u201ces una muy buena iniciativa de la diputada Silvina Vacarezza para un conflicto que se ha incrementado en los \u00faltimos a\u00f1os y que <strong>tiene una gran incidencia sobre todo en regiones ganaderas como Olavarr\u00eda\u201d.<\/strong><\/em><\/p>\n\n\n\n<p><em>\u201cAs\u00ed como destacamos este proyecto de ley para combatir el delito rural nos parece oportuno avanzar de manera urgente completar las vacantes en las Fiscal\u00edas que ya est\u00e1n creadas\u201d,<\/em> agreg\u00f3.<\/p>\n\n\n\n<p>En este sentido, el legislador bonaerense indic\u00f3: <em><strong>\u201cen el Departamento Judicial de Azul hay 24 Fiscal\u00edas y siete de ellas est\u00e1n vacantes. Cinco de las cuales est\u00e1n en Olavarr\u00eda, una en Tandil y una en Azul. Por m\u00e1s esfuerzo que realicen los funcionarios judiciales es imprescindible cubrir los cargos existentes para mejorar el servicio de Justicia\u201d.<\/strong><\/em><\/p>\n\n\n\n<p>De la presentaci\u00f3n del proyecto de ley, que se llev\u00f3 a cabo en el Anexo de la C\u00e1mara de Diputados de la provincia de Buenos Aires,<strong> participaron representantes de las entidades agropecuarias CARBAP, CONINAGRO, Federaci\u00f3n Agraria y diputados y senadores<\/strong><\/p>\n","protected":false},"excerpt":{"rendered":"<p>Particip\u00f3 el diputado olavarriense del Pro, Mart\u00edn Endere. \u201cTiene una gran incidencia sobre todo en regiones ganaderas como Olavarr\u00eda\u201d dijo.<\/p>\n","protected":false},"author":2,"featured_media":119770,"comment_status":"closed","ping_status":"closed","sticky":false,"template":"","format":"standard","meta":{"_jetpack_memberships_contains_paid_content":false,"footnotes":""},"categories":[4,1],"tags":[],"class_list":["post-119755","post","type-post","status-publish","format-standard","has-post-thumbnail","hentry","category-politica","category-portada"],"jetpack_featured_media_url":"https:\/\/i0.wp.com\/cdnoticias.com\/wp-content\/uploads\/2024\/07\/WhatsApp-Image-2024-07-02-at-17.59.19.jpeg?fit=1280%2C853&ssl=1","jetpack_sharing_enabled":true,"_links":{"self":[{"href":"https:\/\/cdnoticias.com\/index.php\/wp-json\/wp\/v2\/posts\/119755","targetHints":{"allow":["GET"]}}],"collection":[{"href":"https:\/\/cdnoticias.com\/index.php\/wp-json\/wp\/v2\/posts"}],"about":[{"href":"https:\/\/cdnoticias.com\/index.php\/wp-json\/wp\/v2\/types\/post"}],"author":[{"embeddable":true,"href":"https:\/\/cdnoticias.com\/index.php\/wp-json\/wp\/v2\/users\/2"}],"replies":[{"embeddable":true,"href":"https:\/\/cdnoticias.com\/index.php\/wp-json\/wp\/v2\/comments?post=119755"}],"version-history":[{"count":0,"href":"https:\/\/cdnoticias.com\/index.php\/wp-json\/wp\/v2\/posts\/119755\/revisions"}],"wp:featuredmedia":[{"embeddable":true,"href":"https:\/\/cdnoticias.com\/index.php\/wp-json\/wp\/v2\/media\/119770"}],"wp:attachment":[{"href":"https:\/\/cdnoticias.com\/index.php\/wp-json\/wp\/v2\/media?parent=119755"}],"wp:term":[{"taxonomy":"category","embeddable":true,"href":"https:\/\/cdnoticias.com\/index.php\/wp-json\/wp\/v2\/categories?post=119755"},{"taxonomy":"post_tag","embeddable":true,"href":"https:\/\/cdnoticias.com\/index.php\/wp-json\/wp\/v2\/tags?post=119755"}],"curies":[{"name":"wp","href":"https:\/\/api.w.org\/{rel}","templated":true}]}}