{"id":119749,"date":"2024-07-02T20:17:56","date_gmt":"2024-07-02T23:17:56","guid":{"rendered":"https:\/\/cdnoticias.com\/?p=119749"},"modified":"2024-07-02T20:17:58","modified_gmt":"2024-07-02T23:17:58","slug":"feria-en-el-cef-san-antonio-con-mas-de-60-stands-de-artesanos-y-emprendedores","status":"publish","type":"post","link":"https:\/\/cdnoticias.com\/index.php\/2024\/07\/02\/feria-en-el-cef-san-antonio-con-mas-de-60-stands-de-artesanos-y-emprendedores\/","title":{"rendered":"Feria en el CEF San Antonio con m\u00e1s de 60 stands de artesanos y emprendedores"},"content":{"rendered":"\n<p>Ser\u00e1 este s\u00e1bado en San Lorenzo y Bol\u00edvar. Participar\u00e1n emprendedores de Olavarr\u00eda, General Lamadrid y Azul.<\/p>\n\n\n\n<hr class=\"wp-block-separator aligncenter has-alpha-channel-opacity\"\/>\n\n\n\n<p>Este s\u00e1bado, se llevar\u00e1 a cabo una <strong>feria en el CEF San Antonio<\/strong> (San Lorenzo y Bol\u00edvar) organizada por la cooperadora I.SF.D. N\u00b022 de <strong>14:30 a 19:30 horas.<\/strong><\/p>\n\n\n\n<p><\/p>\n\n\n\n<blockquote class=\"wp-block-quote is-layout-flow wp-block-quote-is-layout-flow\">\n<p>Habr\u00e1 m\u00e1s de 60 stands con artesanos y emprendedores de Olavarr\u00eda, General Lamadrid y Azul.<\/p>\n<\/blockquote>\n\n\n\n<p><\/p>\n\n\n\n<p>Por \u00faltimo, se contar\u00e1 con un buffet a cargo del centro de estudiantes \u201cPaulo Freire\u201d.<\/p>\n","protected":false},"excerpt":{"rendered":"<p>Ser\u00e1 este s\u00e1bado en San Lorenzo y Bol\u00edvar. Participar\u00e1n emprendedores de Olavarr\u00eda, General Lamadrid y Azul. Este s\u00e1bado, se llevar\u00e1<\/p>\n","protected":false},"author":6,"featured_media":108799,"comment_status":"closed","ping_status":"closed","sticky":false,"template":"","format":"standard","meta":{"_jetpack_memberships_contains_paid_content":false,"footnotes":""},"categories":[9,1],"tags":[],"class_list":["post-119749","post","type-post","status-publish","format-standard","has-post-thumbnail","hentry","category-cultura","category-portada"],"jetpack_featured_media_url":"https:\/\/i0.wp.com\/cdnoticias.com\/wp-content\/uploads\/2024\/02\/atardecer-de-feria-segunda-edicion-5.jpg?fit=1000%2C556&ssl=1","jetpack_sharing_enabled":true,"_links":{"self":[{"href":"https:\/\/cdnoticias.com\/index.php\/wp-json\/wp\/v2\/posts\/119749","targetHints":{"allow":["GET"]}}],"collection":[{"href":"https:\/\/cdnoticias.com\/index.php\/wp-json\/wp\/v2\/posts"}],"about":[{"href":"https:\/\/cdnoticias.com\/index.php\/wp-json\/wp\/v2\/types\/post"}],"author":[{"embeddable":true,"href":"https:\/\/cdnoticias.com\/index.php\/wp-json\/wp\/v2\/users\/6"}],"replies":[{"embeddable":true,"href":"https:\/\/cdnoticias.com\/index.php\/wp-json\/wp\/v2\/comments?post=119749"}],"version-history":[{"count":0,"href":"https:\/\/cdnoticias.com\/index.php\/wp-json\/wp\/v2\/posts\/119749\/revisions"}],"wp:featuredmedia":[{"embeddable":true,"href":"https:\/\/cdnoticias.com\/index.php\/wp-json\/wp\/v2\/media\/108799"}],"wp:attachment":[{"href":"https:\/\/cdnoticias.com\/index.php\/wp-json\/wp\/v2\/media?parent=119749"}],"wp:term":[{"taxonomy":"category","embeddable":true,"href":"https:\/\/cdnoticias.com\/index.php\/wp-json\/wp\/v2\/categories?post=119749"},{"taxonomy":"post_tag","embeddable":true,"href":"https:\/\/cdnoticias.com\/index.php\/wp-json\/wp\/v2\/tags?post=119749"}],"curies":[{"name":"wp","href":"https:\/\/api.w.org\/{rel}","templated":true}]}}