{"id":119708,"date":"2024-07-02T09:02:23","date_gmt":"2024-07-02T12:02:23","guid":{"rendered":"https:\/\/cdnoticias.com\/?p=119708"},"modified":"2024-07-02T09:24:31","modified_gmt":"2024-07-02T12:24:31","slug":"atencion-de-coopelectric-para-usuarios-que-tienen-tarifa-social-y-no-se-inscribieron-en-el-rase","status":"publish","type":"post","link":"https:\/\/cdnoticias.com\/index.php\/2024\/07\/02\/atencion-de-coopelectric-para-usuarios-que-tienen-tarifa-social-y-no-se-inscribieron-en-el-rase\/","title":{"rendered":"Atenci\u00f3n de Coopelectric para usuarios que tienen tarifa social y no se inscribieron en el RASE"},"content":{"rendered":"<p>Desde este martes, personal de la cooperativa atender\u00e1 en la Sociedad de Fomento Mariano Moreno. Hasta el viernes estar\u00e1n de 8 a 12.<!--more--><\/p>\n<hr \/>\n<p>Coopelectric atiende en la <strong>Sociedad de Fomento Mariano Moreno<\/strong> a los asociados que<strong> poseen la tarifa social y a\u00fan no se inscribieron en el RASE.<\/strong><\/p>\n<blockquote><p>La Reestructuraci\u00f3n del R\u00e9gimen de Subsidios a la energ\u00eda dispuesto a nivel nacional por el Decreto N\u00ba 465\/2024 y la Resoluci\u00f3n SE N\u00ba 90\/2024; establece que los usuarios incorporados provisoriamente en el padr\u00f3n de beneficiarios del Registro de Acceso a los Subsidios a la Energ\u00eda (RASE) en virtud de poseer la Tarifa Social Provincial, deben inscribirse en el RASE para mantener dicho beneficio.<\/p><\/blockquote>\n<p>En tal sentido, y tomando en consideraci\u00f3n que la fecha l\u00edmite para completar la inscripci\u00f3n es el 4 de agosto de 2024,<strong> durante el mes de julio Coopelectric brindar\u00e1 atenci\u00f3n exclusiva<\/strong> sobre esta tem\u00e1tica <strong>en diferentes entidades intermedias de la ciudad<\/strong>.<\/p>\n<p>Con el objetivo de facilitar el tr\u00e1mite a los asociados,<strong> desde este martes y hasta el viernes 5 de julio de 8:00 a 12:00 horas<\/strong> personal administrativo de la Cooperativa atender\u00e1 <strong>en las instalaciones de la Sociedad de Fomento Mariano Moreno ubicada en Av. Sarmiento y calle Espa\u00f1a<\/strong>.<\/p>\n<p>&#8220;La intenci\u00f3n es que el asesoramiento se lleve a cabo de forma itinerante para <strong>otorgar mayor accesibilidad a los asociados<\/strong> domiciliados en distintos barrios de Olavarr\u00eda&#8221; destac\u00f3 la cooperativa.<\/p>\n<p>Para poder efectuar la carga del formulario, <strong>los interesados deber\u00e1n asistir con la siguiente documentaci\u00f3n\/informaci\u00f3n<\/strong>:<\/p>\n<ul>\n<li>Factura del Servicio El\u00e9ctrico (N\u00ba de Suministro y N\u00ba de Medidor)<\/li>\n<li>Factura del Servicio de Gas (N\u00ba de Suministro y N\u00ba de Medidor)<\/li>\n<li>\u00daltimo ejemplar del Documento Nacional de Identidad.<\/li>\n<li>N\u00ba de CUIL de cada integrante del hogar mayor de 18 a\u00f1os.<\/li>\n<li>Ingreso de bolsillo de cada integrante del hogar mayor de 18 a\u00f1os.<\/li>\n<\/ul>\n","protected":false},"excerpt":{"rendered":"<p>Desde este martes, personal de la cooperativa atender\u00e1 en la Sociedad de Fomento Mariano Moreno. Hasta el viernes estar\u00e1n de<\/p>\n","protected":false},"author":4,"featured_media":76965,"comment_status":"closed","ping_status":"closed","sticky":false,"template":"","format":"standard","meta":{"_jetpack_memberships_contains_paid_content":false,"footnotes":""},"categories":[5,1],"tags":[],"class_list":["post-119708","post","type-post","status-publish","format-standard","has-post-thumbnail","hentry","category-informacion-general","category-portada"],"jetpack_featured_media_url":"https:\/\/i0.wp.com\/cdnoticias.com\/wp-content\/uploads\/2023\/02\/mariano-moreno-01-scaled.jpg?fit=2560%2C1424&ssl=1","jetpack_sharing_enabled":true,"_links":{"self":[{"href":"https:\/\/cdnoticias.com\/index.php\/wp-json\/wp\/v2\/posts\/119708","targetHints":{"allow":["GET"]}}],"collection":[{"href":"https:\/\/cdnoticias.com\/index.php\/wp-json\/wp\/v2\/posts"}],"about":[{"href":"https:\/\/cdnoticias.com\/index.php\/wp-json\/wp\/v2\/types\/post"}],"author":[{"embeddable":true,"href":"https:\/\/cdnoticias.com\/index.php\/wp-json\/wp\/v2\/users\/4"}],"replies":[{"embeddable":true,"href":"https:\/\/cdnoticias.com\/index.php\/wp-json\/wp\/v2\/comments?post=119708"}],"version-history":[{"count":0,"href":"https:\/\/cdnoticias.com\/index.php\/wp-json\/wp\/v2\/posts\/119708\/revisions"}],"wp:featuredmedia":[{"embeddable":true,"href":"https:\/\/cdnoticias.com\/index.php\/wp-json\/wp\/v2\/media\/76965"}],"wp:attachment":[{"href":"https:\/\/cdnoticias.com\/index.php\/wp-json\/wp\/v2\/media?parent=119708"}],"wp:term":[{"taxonomy":"category","embeddable":true,"href":"https:\/\/cdnoticias.com\/index.php\/wp-json\/wp\/v2\/categories?post=119708"},{"taxonomy":"post_tag","embeddable":true,"href":"https:\/\/cdnoticias.com\/index.php\/wp-json\/wp\/v2\/tags?post=119708"}],"curies":[{"name":"wp","href":"https:\/\/api.w.org\/{rel}","templated":true}]}}