{"id":119707,"date":"2024-07-02T13:49:17","date_gmt":"2024-07-02T16:49:17","guid":{"rendered":"https:\/\/cdnoticias.com\/?p=119707"},"modified":"2024-07-02T17:42:55","modified_gmt":"2024-07-02T20:42:55","slug":"la-provincia-se-hara-cargo-de-medicamentos-oncologicos-que-dejo-de-cubrir-nacion","status":"publish","type":"post","link":"https:\/\/cdnoticias.com\/index.php\/2024\/07\/02\/la-provincia-se-hara-cargo-de-medicamentos-oncologicos-que-dejo-de-cubrir-nacion\/","title":{"rendered":"La Provincia se har\u00e1 cargo de medicamentos oncol\u00f3gicos que dej\u00f3 de cubrir Naci\u00f3n"},"content":{"rendered":"\n<p>La inversi\u00f3n para ampliar la cobertura ser\u00e1 de 12.000 millones de pesos, que se suman al presupuesto bonaerense asignado a c\u00e1ncer.<\/p>\n\n\n\n<hr class=\"wp-block-separator has-alpha-channel-opacity\"\/>\n\n\n\n<p>El<strong> Gobierno de Axel Kicillof decidi\u00f3 ampliar el Vadem\u00e9cum de drogas oncol\u00f3gicas de alto costo de 152 a 162 principios activos<\/strong> en sus diferentes presentaciones, para garantizar as\u00ed el 98% de las solicitudes realizadas.<\/p>\n\n\n\n<p><\/p>\n\n\n\n<p>La decisi\u00f3n se da en medio de las cr\u00edticas a los<strong> recortes que aplic\u00f3 la administraci\u00f3n nacional en este sector <\/strong>y, seg\u00fan la Provincia, la inversi\u00f3n para ampliar la cobertura ser\u00e1 de <strong>12.000 millones de pesos<\/strong>, que se suman al presupuesto asignado a c\u00e1ncer.<\/p>\n\n\n\n<p><\/p>\n\n\n\n<p>Seg\u00fan el Gobierno bonaerense, esta inversi\u00f3n significar\u00e1 una disminuci\u00f3n anual de las derivaciones a Naci\u00f3n del 43% y un aumento en la cobertura del Instituto Provincial del C\u00e1ncer (IPC) del 10%, <strong>alcanzando de este modo al 90% de las personas con cobertura p\u00fablica exclusiva que requieren medicaci\u00f3n oncol\u00f3gica en el territorio.<\/strong><\/p>\n\n\n\n<p><\/p>\n\n\n\n<p>\u201cEstas incorporaciones podr\u00e1n ser solicitadas por<strong> beneficiarios\/as del Programa Federal de Incluir Salud<\/strong> quienes actualmente <strong>encuentran dificultades para la tramitaci\u00f3n a trav\u00e9s del mencionado programa nacional y tampoco son contemplados en los circuitos de derivaci\u00f3n a Naci\u00f3n<\/strong>\u201d, se inform\u00f3.<\/p>\n\n\n\n<p><\/p>\n\n\n\n<figure class=\"wp-block-image size-full\"><img data-recalc-dims=\"1\" loading=\"lazy\" decoding=\"async\" width=\"800\" height=\"445\" src=\"https:\/\/i0.wp.com\/cdnoticias.com\/wp-content\/uploads\/2024\/05\/congreso-provincial-de-salud-03-kicillof-kreplak.jpg?resize=800%2C445&#038;ssl=1\" alt=\"\" class=\"wp-image-115378\" srcset=\"https:\/\/i0.wp.com\/cdnoticias.com\/wp-content\/uploads\/2024\/05\/congreso-provincial-de-salud-03-kicillof-kreplak.jpg?w=1000&amp;ssl=1 1000w, https:\/\/i0.wp.com\/cdnoticias.com\/wp-content\/uploads\/2024\/05\/congreso-provincial-de-salud-03-kicillof-kreplak.jpg?resize=300%2C167&amp;ssl=1 300w, https:\/\/i0.wp.com\/cdnoticias.com\/wp-content\/uploads\/2024\/05\/congreso-provincial-de-salud-03-kicillof-kreplak.jpg?resize=768%2C427&amp;ssl=1 768w, https:\/\/i0.wp.com\/cdnoticias.com\/wp-content\/uploads\/2024\/05\/congreso-provincial-de-salud-03-kicillof-kreplak.jpg?resize=800%2C445&amp;ssl=1 800w\" sizes=\"auto, (max-width: 800px) 100vw, 800px\" \/><\/figure>\n\n\n\n<p><\/p>\n\n\n\n<p>De esta manera, con los medicamentos incorporados se garantiza <strong>m\u00e1s y mejor acceso a los tratamientos de personas que cursan una patolog\u00eda oncol\u00f3gica<\/strong>.<\/p>\n\n\n\n<p><\/p>\n\n\n\n<p><strong>Medicamentos incorporados<\/strong> que estar\u00e1n disponibles a partir de junio\/julio:<\/p>\n\n\n\n<p>\u25cf NIVOLUMAB 40mg<\/p>\n\n\n\n<p>\u25cf NIVOLUMAB 100mg<\/p>\n\n\n\n<p>\u25cf PALBOCICLIB 75mg<\/p>\n\n\n\n<p>\u25cf PALBOCICLIB 100mg<\/p>\n\n\n\n<p>\u25cf PALBOCICLIB 125mg<\/p>\n\n\n\n<p>\u25cf PEMBROLIZUMAB 100mg<\/p>\n\n\n\n<p>\u25cf RIBOCICLIB 200mg<\/p>\n\n\n\n<p>\u25cf TRASTUZUMAB EMTANSINE 100mg<\/p>\n\n\n\n<p>\u25cf TRASTUZUMAB EMTANSINE 160mg<\/p>\n\n\n\n<p>\u25cf TRIOXIDO DE ARSENICO 10mg<\/p>\n\n\n\n<p><\/p>\n\n\n\n<blockquote class=\"wp-block-quote is-layout-flow wp-block-quote-is-layout-flow\">\n<p>En el Sal\u00f3n Dorado de la Casa de Gobierno, el gobernador Axel Kicillof destac\u00f3: \u201cPara la provincia de Buenos Aires no hay otra posibilidad: no se trata de recortar y ajustar, sino de hacer todas las inversiones que hagan falta para garantizar el derecho a la salud\u201d. \u201cM\u00e1s que duplicamos la presencia territorial del Instituto Provincial del C\u00e1ncer y dotamos a los hospitales del equipamiento necesario para mejorar la atenci\u00f3n, el diagn\u00f3stico y los tratamientos\u201d, agreg\u00f3.<\/p>\n<\/blockquote>\n\n\n\n<p><\/p>\n\n\n\n<p>Por su parte,<strong> el ministro de Salud, Nicol\u00e1s Kreplak<\/strong> subray\u00f3 que \u201cesta inversi\u00f3n tiene como antecedentes las pol\u00edticas llevadas adelante para estar m\u00e1s cerca de los y las ciudadanas con el objetivo de facilitar el inicio y la continuidad de los tratamientos\u201d. <strong>\u201cRealizamos una inversi\u00f3n hist\u00f3rica que apunta al diagn\u00f3stico temprano de la enfermedad, sumando equipamiento fundamental como mam\u00f3grafos, endoscopios, resonadores y tom\u00f3grafos\u201d<\/strong>, a\u00f1adi\u00f3.<\/p>\n\n\n\n<p><\/p>\n\n\n\n<p>Cabe recordar que<strong> en los \u00faltimos meses del a\u00f1o, al menos siete las personas que fallecieron a la espera de la medicaci\u00f3n<\/strong> que los manten\u00eda con vida y eso gener\u00f3 fuertes cr\u00edticas al Gobierno de Javier Milei. Sin embargo, las autoridades que celebran un recorte de 140.000 millones de pesos en el \u00e1rea de salud, negaron el fin del programa de asistencia para pacientes con c\u00e1ncer.<\/p>\n\n\n\n<p><\/p>\n\n\n\n<p><em>Fuente: con informaci\u00f3n de DIB.<\/em><\/p>\n","protected":false},"excerpt":{"rendered":"<p>La inversi\u00f3n para ampliar la cobertura ser\u00e1 de 12.000 millones de pesos, que se suman al presupuesto bonaerense asignado a<\/p>\n","protected":false},"author":2,"featured_media":112686,"comment_status":"closed","ping_status":"closed","sticky":false,"template":"","format":"standard","meta":{"_jetpack_memberships_contains_paid_content":false,"footnotes":""},"categories":[6,1],"tags":[],"class_list":["post-119707","post","type-post","status-publish","format-standard","has-post-thumbnail","hentry","category-nacionales","category-portada"],"jetpack_featured_media_url":"https:\/\/i0.wp.com\/cdnoticias.com\/wp-content\/uploads\/2024\/03\/medicamentos-faltantes.png?fit=883%2C485&ssl=1","jetpack_sharing_enabled":true,"_links":{"self":[{"href":"https:\/\/cdnoticias.com\/index.php\/wp-json\/wp\/v2\/posts\/119707","targetHints":{"allow":["GET"]}}],"collection":[{"href":"https:\/\/cdnoticias.com\/index.php\/wp-json\/wp\/v2\/posts"}],"about":[{"href":"https:\/\/cdnoticias.com\/index.php\/wp-json\/wp\/v2\/types\/post"}],"author":[{"embeddable":true,"href":"https:\/\/cdnoticias.com\/index.php\/wp-json\/wp\/v2\/users\/2"}],"replies":[{"embeddable":true,"href":"https:\/\/cdnoticias.com\/index.php\/wp-json\/wp\/v2\/comments?post=119707"}],"version-history":[{"count":0,"href":"https:\/\/cdnoticias.com\/index.php\/wp-json\/wp\/v2\/posts\/119707\/revisions"}],"wp:featuredmedia":[{"embeddable":true,"href":"https:\/\/cdnoticias.com\/index.php\/wp-json\/wp\/v2\/media\/112686"}],"wp:attachment":[{"href":"https:\/\/cdnoticias.com\/index.php\/wp-json\/wp\/v2\/media?parent=119707"}],"wp:term":[{"taxonomy":"category","embeddable":true,"href":"https:\/\/cdnoticias.com\/index.php\/wp-json\/wp\/v2\/categories?post=119707"},{"taxonomy":"post_tag","embeddable":true,"href":"https:\/\/cdnoticias.com\/index.php\/wp-json\/wp\/v2\/tags?post=119707"}],"curies":[{"name":"wp","href":"https:\/\/api.w.org\/{rel}","templated":true}]}}