{"id":119701,"date":"2024-07-02T08:38:36","date_gmt":"2024-07-02T11:38:36","guid":{"rendered":"https:\/\/cdnoticias.com\/?p=119701"},"modified":"2024-07-02T12:06:27","modified_gmt":"2024-07-02T15:06:27","slug":"facturas-de-gas-camuzzi-explico-el-atraso-en-los-envios-y-cambio-en-los-vencimientos","status":"publish","type":"post","link":"https:\/\/cdnoticias.com\/index.php\/2024\/07\/02\/facturas-de-gas-camuzzi-explico-el-atraso-en-los-envios-y-cambio-en-los-vencimientos\/","title":{"rendered":"Facturas de gas: Camuzzi explic\u00f3 el atraso en los env\u00edos y cambio en los vencimientos"},"content":{"rendered":"<p>La prestadora indic\u00f3 que se debi\u00f3 a \u201cadaptaciones que se tuvieron que hacer en los sistemas de facturaci\u00f3n\u201d y que ya comenzaron a entregarse las facturas.<!--more--><\/p>\n<hr \/>\n<p>Algunos <strong>usuarios de Camuzzi Gas Pampeana de Olavarr\u00eda no recibieron las facturas del mes de junio<\/strong>. Ante la situaci\u00f3n <strong>Central de Noticias<\/strong> consult\u00f3 con la empresa desde donde <strong>se explic\u00f3 el atraso y se indic\u00f3 que la situaci\u00f3n ya comenz\u00f3 a normalizarse<\/strong>.<\/p>\n<blockquote><p>\u201cHubo en algunas rutas de facturaci\u00f3n atrasos, vinculados a adaptaciones que se tuvieron que hacer en los sistemas de facturaci\u00f3n por normativas del Enargas\u201d indic\u00f3 la prestadora.<\/p><\/blockquote>\n<p>Se aclar\u00f3 que <strong>\u201cno fue a todo el universo de usuarios, solo algunos grupos\u201d<\/strong> los alcanzados por esta demora.<\/p>\n<p>No obstante, se destac\u00f3 que<strong> \u201cya est\u00e1 normalizado\u201d y que este lunes comenzaron a salir esas facturas<\/strong>.<\/p>\n<p>Con el atraso en los env\u00edos de facturas,<em> Camuzzi tambi\u00e9n defini\u00f3 modific\u00f3 las fechas de pago<\/em>. Ante la consulta, la empresa respondi\u00f3 que<strong> \u201cpara aquellos alcanzados se corrieron las fechas de vencimiento\u201c.<\/strong><\/p>\n","protected":false},"excerpt":{"rendered":"<p>La prestadora indic\u00f3 que se debi\u00f3 a \u201cadaptaciones que se tuvieron que hacer en los sistemas de facturaci\u00f3n\u201d y que<\/p>\n","protected":false},"author":4,"featured_media":20522,"comment_status":"closed","ping_status":"closed","sticky":false,"template":"","format":"standard","meta":{"_jetpack_memberships_contains_paid_content":false,"footnotes":""},"categories":[5,1],"tags":[],"class_list":["post-119701","post","type-post","status-publish","format-standard","has-post-thumbnail","hentry","category-informacion-general","category-portada"],"jetpack_featured_media_url":"https:\/\/i0.wp.com\/cdnoticias.com\/wp-content\/uploads\/2021\/05\/camuzzi-04.jpg?fit=800%2C445&ssl=1","jetpack_sharing_enabled":true,"_links":{"self":[{"href":"https:\/\/cdnoticias.com\/index.php\/wp-json\/wp\/v2\/posts\/119701","targetHints":{"allow":["GET"]}}],"collection":[{"href":"https:\/\/cdnoticias.com\/index.php\/wp-json\/wp\/v2\/posts"}],"about":[{"href":"https:\/\/cdnoticias.com\/index.php\/wp-json\/wp\/v2\/types\/post"}],"author":[{"embeddable":true,"href":"https:\/\/cdnoticias.com\/index.php\/wp-json\/wp\/v2\/users\/4"}],"replies":[{"embeddable":true,"href":"https:\/\/cdnoticias.com\/index.php\/wp-json\/wp\/v2\/comments?post=119701"}],"version-history":[{"count":0,"href":"https:\/\/cdnoticias.com\/index.php\/wp-json\/wp\/v2\/posts\/119701\/revisions"}],"wp:featuredmedia":[{"embeddable":true,"href":"https:\/\/cdnoticias.com\/index.php\/wp-json\/wp\/v2\/media\/20522"}],"wp:attachment":[{"href":"https:\/\/cdnoticias.com\/index.php\/wp-json\/wp\/v2\/media?parent=119701"}],"wp:term":[{"taxonomy":"category","embeddable":true,"href":"https:\/\/cdnoticias.com\/index.php\/wp-json\/wp\/v2\/categories?post=119701"},{"taxonomy":"post_tag","embeddable":true,"href":"https:\/\/cdnoticias.com\/index.php\/wp-json\/wp\/v2\/tags?post=119701"}],"curies":[{"name":"wp","href":"https:\/\/api.w.org\/{rel}","templated":true}]}}