{"id":11968,"date":"2021-01-21T17:47:26","date_gmt":"2021-01-21T20:47:26","guid":{"rendered":"http:\/\/www.centraldenoticias.com.ar\/?p=11968"},"modified":"2021-01-21T17:47:26","modified_gmt":"2021-01-21T20:47:26","slug":"detuvieron-a-un-remisero-acusado-de-venta-de-droga","status":"publish","type":"post","link":"https:\/\/cdnoticias.com\/index.php\/2021\/01\/21\/detuvieron-a-un-remisero-acusado-de-venta-de-droga\/","title":{"rendered":"Detuvieron a un remisero acusado de venta de droga"},"content":{"rendered":"<p>A fines del a\u00f1o pasado hab\u00eda sido interceptado junto a una mujer que actualmente se encuentra detenida, acusada por el mismo delito.<!--more--><\/p>\n<hr \/>\n<p>En la ma\u00f1ana de este jueves personal de la comisar\u00eda Segunda, con la colaboraci\u00f3n de agentes de la SubDDI local, concretaron la detenci\u00f3n de <strong>un remisero al que se lo acusa de \u201ctenencia de estupefacientes con fines de comercializaci\u00f3n\u201d<\/strong>.<\/p>\n<p>&nbsp;<\/p>\n<p><img data-recalc-dims=\"1\" loading=\"lazy\" decoding=\"async\" class=\"alignnone size-full wp-image-9837\" src=\"https:\/\/i0.wp.com\/cdnoticias.com\/wp-content\/uploads\/2020\/12\/remis-marihuana.jpg?resize=800%2C443&#038;ssl=1\" alt=\"\" width=\"800\" height=\"443\" srcset=\"https:\/\/i0.wp.com\/cdnoticias.com\/wp-content\/uploads\/2020\/12\/remis-marihuana.jpg?w=985&amp;ssl=1 985w, https:\/\/i0.wp.com\/cdnoticias.com\/wp-content\/uploads\/2020\/12\/remis-marihuana.jpg?resize=300%2C166&amp;ssl=1 300w, https:\/\/i0.wp.com\/cdnoticias.com\/wp-content\/uploads\/2020\/12\/remis-marihuana.jpg?resize=768%2C425&amp;ssl=1 768w\" sizes=\"auto, (max-width: 800px) 100vw, 800px\" \/><\/p>\n<p>&nbsp;<\/p>\n<p>El procedimiento se concret\u00f3 en el barrio CECO, en tareas requeridas por el fiscal Lucas Moyano y otorgadas por la jueza de Garant\u00edas Fabiana San Rom\u00e1n. <strong>El acusado, identificado como Cristian Dami\u00e1n Zalazar, permanece por estas horas alojado en la sede la comisar\u00eda Segunda. <\/strong>A la par, tambi\u00e9n fueron incautados elementos de inter\u00e9s probatorio.<\/p>\n<p>&nbsp;<\/p>\n<p>Se trata de la misma persona que <a href=\"https:\/\/cdnoticias.com\/index.php\/2020\/12\/23\/interceptaron-un-remis-y-secuestraron-cerca-de-un-kilo-de-marihuana-dos-retenidos\/\" target=\"_blank\" rel=\"noopener\">el pasado 23 de diciembre hab\u00eda sido interceptada en el barrio Scac<\/a>, en un operativo que permiti\u00f3 el hallazgo y <strong>secuestro de alrededor de un kilo de marihuana<\/strong>. Junto a \u00e9l viajaba una mujer que ya estaba siendo investigada por este tipo de delitos y quien actualmente permanece tras las rejas.<\/p>\n<p>&nbsp;<\/p>\n<blockquote><p>En el mismo marco, en las ultimas horas tambi\u00e9n se realiz\u00f3 un allanamiento que tuvo como sede la Unidad 2 de Sierra Chica, donde tambi\u00e9n se incautaron elementos de inter\u00e9s probatorio<\/p><\/blockquote>\n<p>&nbsp;<\/p>\n<p>Si bien tambi\u00e9n se hab\u00eda requerido su detenci\u00f3n en aquel entonces, la medida no prosper\u00f3. No obstante, <strong>el procedimiento s\u00ed fue convalidado y los elementos recabados en el mismo y sus posteriores pericias dieron el fundamento para la detenci\u00f3n que se concret\u00f3 en las \u00faltimas horas.<\/strong><\/p>\n","protected":false},"excerpt":{"rendered":"<p>A fines del a\u00f1o pasado hab\u00eda sido interceptado junto a una mujer que actualmente se encuentra detenida, acusada por el<\/p>\n","protected":false},"author":3,"featured_media":11969,"comment_status":"closed","ping_status":"closed","sticky":false,"template":"","format":"standard","meta":{"_jetpack_memberships_contains_paid_content":false,"footnotes":""},"categories":[14,1],"tags":[],"class_list":["post-11968","post","type-post","status-publish","format-standard","has-post-thumbnail","hentry","category-policiales","category-portada"],"jetpack_featured_media_url":"https:\/\/i0.wp.com\/cdnoticias.com\/wp-content\/uploads\/2021\/01\/remisero.jpg?fit=800%2C445&ssl=1","jetpack_sharing_enabled":true,"_links":{"self":[{"href":"https:\/\/cdnoticias.com\/index.php\/wp-json\/wp\/v2\/posts\/11968","targetHints":{"allow":["GET"]}}],"collection":[{"href":"https:\/\/cdnoticias.com\/index.php\/wp-json\/wp\/v2\/posts"}],"about":[{"href":"https:\/\/cdnoticias.com\/index.php\/wp-json\/wp\/v2\/types\/post"}],"author":[{"embeddable":true,"href":"https:\/\/cdnoticias.com\/index.php\/wp-json\/wp\/v2\/users\/3"}],"replies":[{"embeddable":true,"href":"https:\/\/cdnoticias.com\/index.php\/wp-json\/wp\/v2\/comments?post=11968"}],"version-history":[{"count":0,"href":"https:\/\/cdnoticias.com\/index.php\/wp-json\/wp\/v2\/posts\/11968\/revisions"}],"wp:featuredmedia":[{"embeddable":true,"href":"https:\/\/cdnoticias.com\/index.php\/wp-json\/wp\/v2\/media\/11969"}],"wp:attachment":[{"href":"https:\/\/cdnoticias.com\/index.php\/wp-json\/wp\/v2\/media?parent=11968"}],"wp:term":[{"taxonomy":"category","embeddable":true,"href":"https:\/\/cdnoticias.com\/index.php\/wp-json\/wp\/v2\/categories?post=11968"},{"taxonomy":"post_tag","embeddable":true,"href":"https:\/\/cdnoticias.com\/index.php\/wp-json\/wp\/v2\/tags?post=11968"}],"curies":[{"name":"wp","href":"https:\/\/api.w.org\/{rel}","templated":true}]}}