{"id":119678,"date":"2024-07-01T18:27:03","date_gmt":"2024-07-01T21:27:03","guid":{"rendered":"https:\/\/cdnoticias.com\/?p=119678"},"modified":"2024-07-02T08:39:20","modified_gmt":"2024-07-02T11:39:20","slug":"rompieron-un-vidrio-de-una-vivienda-y-robaron-una-mochila-con-elementos-fueron-atrapados","status":"publish","type":"post","link":"https:\/\/cdnoticias.com\/index.php\/2024\/07\/01\/rompieron-un-vidrio-de-una-vivienda-y-robaron-una-mochila-con-elementos-fueron-atrapados\/","title":{"rendered":"Rompieron un vidrio de una vivienda y robaron una mochila con elementos: fueron atrapados"},"content":{"rendered":"\n<p>Terminaron aprehendidos por personal de Comando de Patrullas. La mochila ten\u00eda una Tablet y varios celulares.<\/p>\n\n\n\n<hr class=\"wp-block-separator aligncenter has-alpha-channel-opacity\"\/>\n\n\n\n<p>Este \u00faltimo domingo, <strong>un joven de 21 a\u00f1os fue aprehendido por personal de Comando de Patrullas luego de ser sorprendido robando en un domicilio tras romper un vidrio, junto a otras dos personas, y robar una mochila con elementos electr\u00f3nicos.<\/strong><\/p>\n\n\n\n<p>Seg\u00fan se precis\u00f3, <strong>el joven fue atrapado en San Lorenzo al 1100, cuando tomaron esta determinaci\u00f3n en una vivienda de Ayacucho a la misma altura.<\/strong><\/p>\n\n\n\n<figure class=\"wp-block-image size-full\"><img data-recalc-dims=\"1\" loading=\"lazy\" decoding=\"async\" width=\"607\" height=\"329\" src=\"https:\/\/i0.wp.com\/cdnoticias.com\/wp-content\/uploads\/2024\/07\/WhatsApp-Image-2024-07-01-at-15.13.58.jpeg?resize=607%2C329&#038;ssl=1\" alt=\"\" class=\"wp-image-119679\" srcset=\"https:\/\/i0.wp.com\/cdnoticias.com\/wp-content\/uploads\/2024\/07\/WhatsApp-Image-2024-07-01-at-15.13.58.jpeg?w=607&amp;ssl=1 607w, https:\/\/i0.wp.com\/cdnoticias.com\/wp-content\/uploads\/2024\/07\/WhatsApp-Image-2024-07-01-at-15.13.58.jpeg?resize=300%2C163&amp;ssl=1 300w\" sizes=\"auto, (max-width: 607px) 100vw, 607px\" \/><\/figure>\n\n\n\n<p>Si bien fueron tres los responsables, personal policial captur\u00f3 a uno.<strong> En la mochila hab\u00eda una Tablet y varios celulares, que fueron recuperados.<\/strong><\/p>\n\n\n\n<p><strong>El joven fue trasladado a Comisar\u00eda Primera donde estar\u00e1 a disposici\u00f3n del juzgado interviniente,<\/strong> la UFI N\u00b07 de nuestra ciudad a cargo del doctor Url\u00e9zaga.<\/p>\n","protected":false},"excerpt":{"rendered":"<p>Terminaron aprehendidos por personal de Comando de Patrullas. La mochila ten\u00eda una Tablet y varios celulares. Este \u00faltimo domingo, un<\/p>\n","protected":false},"author":2,"featured_media":119680,"comment_status":"closed","ping_status":"closed","sticky":false,"template":"","format":"standard","meta":{"_jetpack_memberships_contains_paid_content":false,"footnotes":""},"categories":[14,1],"tags":[],"class_list":["post-119678","post","type-post","status-publish","format-standard","has-post-thumbnail","hentry","category-policiales","category-portada"],"jetpack_featured_media_url":"https:\/\/i0.wp.com\/cdnoticias.com\/wp-content\/uploads\/2024\/07\/WhatsApp-Image-2024-07-01-at-15.13.11.jpeg?fit=710%2C354&ssl=1","jetpack_sharing_enabled":true,"_links":{"self":[{"href":"https:\/\/cdnoticias.com\/index.php\/wp-json\/wp\/v2\/posts\/119678","targetHints":{"allow":["GET"]}}],"collection":[{"href":"https:\/\/cdnoticias.com\/index.php\/wp-json\/wp\/v2\/posts"}],"about":[{"href":"https:\/\/cdnoticias.com\/index.php\/wp-json\/wp\/v2\/types\/post"}],"author":[{"embeddable":true,"href":"https:\/\/cdnoticias.com\/index.php\/wp-json\/wp\/v2\/users\/2"}],"replies":[{"embeddable":true,"href":"https:\/\/cdnoticias.com\/index.php\/wp-json\/wp\/v2\/comments?post=119678"}],"version-history":[{"count":0,"href":"https:\/\/cdnoticias.com\/index.php\/wp-json\/wp\/v2\/posts\/119678\/revisions"}],"wp:featuredmedia":[{"embeddable":true,"href":"https:\/\/cdnoticias.com\/index.php\/wp-json\/wp\/v2\/media\/119680"}],"wp:attachment":[{"href":"https:\/\/cdnoticias.com\/index.php\/wp-json\/wp\/v2\/media?parent=119678"}],"wp:term":[{"taxonomy":"category","embeddable":true,"href":"https:\/\/cdnoticias.com\/index.php\/wp-json\/wp\/v2\/categories?post=119678"},{"taxonomy":"post_tag","embeddable":true,"href":"https:\/\/cdnoticias.com\/index.php\/wp-json\/wp\/v2\/tags?post=119678"}],"curies":[{"name":"wp","href":"https:\/\/api.w.org\/{rel}","templated":true}]}}