{"id":119672,"date":"2024-07-03T10:18:12","date_gmt":"2024-07-03T13:18:12","guid":{"rendered":"https:\/\/cdnoticias.com\/?p=119672"},"modified":"2024-07-03T10:18:15","modified_gmt":"2024-07-03T13:18:15","slug":"charla-prevencion-de-accidentes-con-monoxido-de-carbono","status":"publish","type":"post","link":"https:\/\/cdnoticias.com\/index.php\/2024\/07\/03\/charla-prevencion-de-accidentes-con-monoxido-de-carbono\/","title":{"rendered":"Charla: \u201cPrevenci\u00f3n de accidentes con Mon\u00f3xido de Carbono\u201d"},"content":{"rendered":"\n<p>Ser\u00e1 este jueves en la Facultad de Ingenier\u00eda. Durante la sesi\u00f3n, se abordar\u00e1n temas cr\u00edticos como la prevenci\u00f3n de accidentes con mon\u00f3xido de carbono y el plan de prevenci\u00f3n de da\u00f1os de ca\u00f1er\u00edas de gas natural.<\/p>\n\n\n\n<hr class=\"wp-block-separator aligncenter has-alpha-channel-opacity\"\/>\n\n\n\n<p>Este jueves en la <strong>Facultad de Ingenier\u00eda <\/strong>se llevar\u00e1 a cabo la charla <strong>\u201cPrevenci\u00f3n de accidentes con Mon\u00f3xido de Carbono\u201d<\/strong>. Ser\u00e1 a las 14 horas en avenida Del Valle 5737 en el Aula 1.<\/p>\n\n\n\n<p><\/p>\n\n\n\n<p><strong>Leandro Schenone<\/strong>, jefe regional de Seguridad y Medio Ambiente de Camuzzi,<strong> ser\u00e1 el encargado de la charla<\/strong> la cual est\u00e1 dirigida al <strong>p\u00fablico en general<\/strong>.<\/p>\n\n\n\n<p><\/p>\n\n\n\n<blockquote class=\"wp-block-quote is-layout-flow wp-block-quote-is-layout-flow\">\n<p>Durante la sesi\u00f3n, se abordar\u00e1n temas cr\u00edticos como la prevenci\u00f3n de accidentes con mon\u00f3xido de carbono y el plan de prevenci\u00f3n de da\u00f1os de ca\u00f1er\u00edas de gas natural.<\/p>\n<\/blockquote>\n\n\n\n<p><\/p>\n\n\n\n<p>En esta \u00e9poca invernal, es crucial difundir informaci\u00f3n sobre <strong>c\u00f3mo prevenir accidentes relacionados con este gas, <\/strong>reduciendo as\u00ed el riesgo de intoxicaciones y protegiendo la salud y la vida de las personas.<\/p>\n","protected":false},"excerpt":{"rendered":"<p>Ser\u00e1 este jueves en la Facultad de Ingenier\u00eda. Durante la sesi\u00f3n, se abordar\u00e1n temas cr\u00edticos como la prevenci\u00f3n de accidentes<\/p>\n","protected":false},"author":6,"featured_media":117767,"comment_status":"closed","ping_status":"closed","sticky":false,"template":"","format":"standard","meta":{"_jetpack_memberships_contains_paid_content":false,"footnotes":""},"categories":[5,1],"tags":[],"class_list":["post-119672","post","type-post","status-publish","format-standard","has-post-thumbnail","hentry","category-informacion-general","category-portada"],"jetpack_featured_media_url":"https:\/\/i0.wp.com\/cdnoticias.com\/wp-content\/uploads\/2024\/06\/monoxido-de-carbono-gas-intoxicado.jpeg?fit=630%2C420&ssl=1","jetpack_sharing_enabled":true,"_links":{"self":[{"href":"https:\/\/cdnoticias.com\/index.php\/wp-json\/wp\/v2\/posts\/119672","targetHints":{"allow":["GET"]}}],"collection":[{"href":"https:\/\/cdnoticias.com\/index.php\/wp-json\/wp\/v2\/posts"}],"about":[{"href":"https:\/\/cdnoticias.com\/index.php\/wp-json\/wp\/v2\/types\/post"}],"author":[{"embeddable":true,"href":"https:\/\/cdnoticias.com\/index.php\/wp-json\/wp\/v2\/users\/6"}],"replies":[{"embeddable":true,"href":"https:\/\/cdnoticias.com\/index.php\/wp-json\/wp\/v2\/comments?post=119672"}],"version-history":[{"count":0,"href":"https:\/\/cdnoticias.com\/index.php\/wp-json\/wp\/v2\/posts\/119672\/revisions"}],"wp:featuredmedia":[{"embeddable":true,"href":"https:\/\/cdnoticias.com\/index.php\/wp-json\/wp\/v2\/media\/117767"}],"wp:attachment":[{"href":"https:\/\/cdnoticias.com\/index.php\/wp-json\/wp\/v2\/media?parent=119672"}],"wp:term":[{"taxonomy":"category","embeddable":true,"href":"https:\/\/cdnoticias.com\/index.php\/wp-json\/wp\/v2\/categories?post=119672"},{"taxonomy":"post_tag","embeddable":true,"href":"https:\/\/cdnoticias.com\/index.php\/wp-json\/wp\/v2\/tags?post=119672"}],"curies":[{"name":"wp","href":"https:\/\/api.w.org\/{rel}","templated":true}]}}