{"id":119654,"date":"2024-07-01T12:13:23","date_gmt":"2024-07-01T15:13:23","guid":{"rendered":"https:\/\/cdnoticias.com\/?p=119654"},"modified":"2024-07-01T17:36:02","modified_gmt":"2024-07-01T20:36:02","slug":"nueva-etapa-de-giro-vamos-a-salir-nuevamente-con-una-fuerte-campana-de-difusion","status":"publish","type":"post","link":"https:\/\/cdnoticias.com\/index.php\/2024\/07\/01\/nueva-etapa-de-giro-vamos-a-salir-nuevamente-con-una-fuerte-campana-de-difusion\/","title":{"rendered":"Nueva etapa de GIRO: \u201cVamos a salir nuevamente con una fuerte campa\u00f1a de difusi\u00f3n\u201d"},"content":{"rendered":"<p>Lo adelant\u00f3 el secretario de Desarrollo Econ\u00f3mico, Gast\u00f3n Sarachu, al confirmar la contrataci\u00f3n de la cooperativa Viento en Contra para la operaci\u00f3n de la Planta de Recuperaci\u00f3n de Materiales Reciclables. \u201cVenimos a fortalecer y a mejorar lo que se estaba haciendo\u201d destac\u00f3.<!--more--><\/p>\n<hr \/>\n<p><a href=\"https:\/\/cdnoticias.com\/index.php\/2024\/07\/01\/sigue-el-programa-giro-estara-a-cargo-de-la-cooperativa-viento-en-contra\/\" target=\"_blank\" rel=\"noopener\">Este lunes el Municipio anunci\u00f3 la firma del <strong>convenio con la cooperativa Viento en Contra<\/strong><\/a><strong> para la operaci\u00f3n de la Planta de Recuperaci\u00f3n de Materiales Reciclables<\/strong> a partir de este lunes y por un a\u00f1o.<\/p>\n<p>En ese marco, el <strong>secretario de Desarrollo Econ\u00f3mico municipal, Gast\u00f3n Sarachu<\/strong>, habl\u00f3 en el programa Levantate por Radio Sapiens (FM 102.7) quien inform\u00f3 que se encontraba en la planta, ubicada en el relleno sanitario. <strong>\u201cHoy arranca una nueva etapa del programa Giro estamos haciendo las primeras intervenciones\u201d<\/strong> indic\u00f3.<\/p>\n<blockquote><p>El funcionario recalc\u00f3 que el convenio con la cooperativa \u201ctiene que ver con el tratamiento de residuos que se hace en la planta GIRO, que funciona en el relleno sanitario\u201d.<\/p><\/blockquote>\n<p>\u201cVenimos hace meses trabajando con la gente de la cooperativa, ideando y armando este programa, <strong>mejorando algunas cuestiones que ten\u00edan que ver con el funcionamiento del propio programa<\/strong> al cual por supuesto que no es que lo reemplazamos, sino que <strong>venimos a fortalecer y a mejorar lo que se estaba haciendo\u201d<\/strong> defini\u00f3.<\/p>\n<p>Valor\u00f3 que <strong>\u201cla Cooperativa Viento en Contra hace a\u00f1os que viene trabajando en reciclado, con sus recuperadores<\/strong>, ellos mismos tienen una planta de tratamiento y de transferencia de reciclado. Se ha celebrado un convenio por un a\u00f1o y estamos muy contentos, realmente ayer terminamos de ultimar los detalles y hoy ya arrancando a trabajar en esta nueva etapa del programa GIRO\u201d.<\/p>\n<p><img data-recalc-dims=\"1\" loading=\"lazy\" decoding=\"async\" class=\"size-full wp-image-119622 aligncenter\" src=\"https:\/\/i0.wp.com\/cdnoticias.com\/wp-content\/uploads\/2024\/07\/giro-viento-en-contra-00.jpg?resize=800%2C445&#038;ssl=1\" alt=\"\" width=\"800\" height=\"445\" srcset=\"https:\/\/i0.wp.com\/cdnoticias.com\/wp-content\/uploads\/2024\/07\/giro-viento-en-contra-00.jpg?w=1000&amp;ssl=1 1000w, https:\/\/i0.wp.com\/cdnoticias.com\/wp-content\/uploads\/2024\/07\/giro-viento-en-contra-00.jpg?resize=300%2C167&amp;ssl=1 300w, https:\/\/i0.wp.com\/cdnoticias.com\/wp-content\/uploads\/2024\/07\/giro-viento-en-contra-00.jpg?resize=768%2C427&amp;ssl=1 768w, https:\/\/i0.wp.com\/cdnoticias.com\/wp-content\/uploads\/2024\/07\/giro-viento-en-contra-00.jpg?resize=800%2C445&amp;ssl=1 800w\" sizes=\"auto, (max-width: 800px) 100vw, 800px\" \/><\/p>\n<p>Acerca de la incorporaci\u00f3n de la cooperativa al programa asegur\u00f3 que<strong> \u201cva a permitir ampliar el espectro, la cantidad de recuperadores que van a poder mejorar este programa\u201d.<\/strong><\/p>\n<p>Gast\u00f3n Sarachu dej\u00f3 en claro que <strong>no habr\u00e1 cambios en cuanto a la recolecci\u00f3n domiciliaria<\/strong>: <em>sigue a cargo de la empresa Transportes Malvinas, se sostienen los d\u00edas de recolecci\u00f3n diferenciados entre compostables, reciclables y basura en los barrios en los que ya se realiza<\/em>.<\/p>\n<blockquote><p>\u201cNosotros vamos a salir nuevamente con una fuerte campa\u00f1a de difusi\u00f3n. Es un poco el aspecto que tambi\u00e9n viene a mejorar, la calidad de la comunicaci\u00f3n\u201d adelant\u00f3 para agregar que se ampliar\u00e1 la recolecci\u00f3n diferenciada ya que indic\u00f3 como objetivo \u201ctrabajar en aquellos barrios que todav\u00eda no est\u00e1n incorporado al programa GIRO\u201d.<\/p><\/blockquote>\n<p>Puntualmente, sobre la Planta de Recuperaci\u00f3n de Materiales Reciclables apunt\u00f3 a que<strong> se busca \u201cmejorar la gesti\u00f3n de la planta\u201d a trav\u00e9s de \u201cmejorar la calidad del residuo que llega y mejorar despu\u00e9s su disposici\u00f3n final\u201d.<\/strong><\/p>\n<p>\u201cLo que queremos todos es <strong>que cada vez haya menos basura, lo que ya no podemos reutilizar es lo que lo que va el relleno sanitario<\/strong>, lo que en definitiva se termina enterrando. A eso tenemos que tender, tenemos que tambi\u00e9n apuntar a <strong>que la gente los vecinos puedan hacer en su casa la separaci\u00f3n en origen, pueda utilizar el material que es compostable<\/strong> y que pueda sacar todo lo que sea reciclable. Pero para eso en paralelo para<strong> tenemos que generar una gran campa\u00f1a de difusi\u00f3n donde va a haber promotoras ambientales, barrio por barrio, contando, explicando esta nueva etapa y mejorando el funcionamiento de la Planta\u201d<\/strong> cont\u00f3 el secretario municipal en la entrevista radial.<\/p>\n<blockquote><p>La primera tarea tras este cambio ser\u00e1 \u201cen los barrios que se incorporaron \u00faltimamente al programa\u201d con \u201cm\u00e1s campa\u00f1as de difusi\u00f3n\u201d. Sarachu afirm\u00f3 que de esos sectores es \u201cdesde donde menos llega material reciclado a la planta\u201d.<\/p><\/blockquote>\n<p>En una<strong> segunda etapa de objetivos se avanzar\u00e1 \u201cen las zonas que todav\u00eda no incorpor\u00f3 el programa\u201d<\/strong>. El funcionario aclar\u00f3 que<em> \u201cvamos a ir despacio, es un programa reci\u00e9n arranca pero muy firme y creemos que es una gran noticia para la ciudad<\/em>, que es una pol\u00edtica p\u00fablica que nosotros quer\u00edamos, insisto, mejorar en todos sus aspectos y son de las cosas que nos permiten pensar una ciudad a largo plazo y sustentable\u201d.<\/p>\n","protected":false},"excerpt":{"rendered":"<p>Lo adelant\u00f3 el secretario de Desarrollo Econ\u00f3mico, Gast\u00f3n Sarachu, al confirmar la contrataci\u00f3n de la cooperativa Viento en Contra para<\/p>\n","protected":false},"author":4,"featured_media":119655,"comment_status":"closed","ping_status":"closed","sticky":false,"template":"","format":"standard","meta":{"_jetpack_memberships_contains_paid_content":false,"footnotes":""},"categories":[5,1],"tags":[],"class_list":["post-119654","post","type-post","status-publish","format-standard","has-post-thumbnail","hentry","category-informacion-general","category-portada"],"jetpack_featured_media_url":"https:\/\/i0.wp.com\/cdnoticias.com\/wp-content\/uploads\/2024\/07\/gaston-sarachu-1.jpg?fit=800%2C444&ssl=1","jetpack_sharing_enabled":true,"_links":{"self":[{"href":"https:\/\/cdnoticias.com\/index.php\/wp-json\/wp\/v2\/posts\/119654","targetHints":{"allow":["GET"]}}],"collection":[{"href":"https:\/\/cdnoticias.com\/index.php\/wp-json\/wp\/v2\/posts"}],"about":[{"href":"https:\/\/cdnoticias.com\/index.php\/wp-json\/wp\/v2\/types\/post"}],"author":[{"embeddable":true,"href":"https:\/\/cdnoticias.com\/index.php\/wp-json\/wp\/v2\/users\/4"}],"replies":[{"embeddable":true,"href":"https:\/\/cdnoticias.com\/index.php\/wp-json\/wp\/v2\/comments?post=119654"}],"version-history":[{"count":0,"href":"https:\/\/cdnoticias.com\/index.php\/wp-json\/wp\/v2\/posts\/119654\/revisions"}],"wp:featuredmedia":[{"embeddable":true,"href":"https:\/\/cdnoticias.com\/index.php\/wp-json\/wp\/v2\/media\/119655"}],"wp:attachment":[{"href":"https:\/\/cdnoticias.com\/index.php\/wp-json\/wp\/v2\/media?parent=119654"}],"wp:term":[{"taxonomy":"category","embeddable":true,"href":"https:\/\/cdnoticias.com\/index.php\/wp-json\/wp\/v2\/categories?post=119654"},{"taxonomy":"post_tag","embeddable":true,"href":"https:\/\/cdnoticias.com\/index.php\/wp-json\/wp\/v2\/tags?post=119654"}],"curies":[{"name":"wp","href":"https:\/\/api.w.org\/{rel}","templated":true}]}}