{"id":119650,"date":"2024-07-01T19:03:11","date_gmt":"2024-07-01T22:03:11","guid":{"rendered":"https:\/\/cdnoticias.com\/?p=119650"},"modified":"2024-07-01T19:03:13","modified_gmt":"2024-07-01T22:03:13","slug":"mosescu-participo-en-el-segundo-congreso-argentino-de-sostenibilidad-en-el-deporte","status":"publish","type":"post","link":"https:\/\/cdnoticias.com\/index.php\/2024\/07\/01\/mosescu-participo-en-el-segundo-congreso-argentino-de-sostenibilidad-en-el-deporte\/","title":{"rendered":"Mosescu particip\u00f3 en el segundo Congreso Argentino de Sostenibilidad en el Deporte"},"content":{"rendered":"\n<p>La concejal del bloque PRO-ERF estuvo en la actividad organizada por el Comit\u00e9 Ol\u00edmpico Argentino. <\/p>\n\n\n\n<hr class=\"wp-block-separator has-alpha-channel-opacity\"\/>\n\n\n\n<p>El pasado fin de semana \u2013en Capital Federal\u2013 se celebr\u00f3 el segundo<strong> Congreso Argentino de Sostenibilidad en el Deporte<\/strong>, bajo el lema <strong>\u201cDeporte y cuidado ambiental: la medalla ol\u00edmpica del futuro\u201d.<\/strong><\/p>\n\n\n\n<p><\/p>\n\n\n\n<p>La <strong>concejal del bloque PRO-ERF, Miriam Mosescu,<\/strong> particip\u00f3 del encuentro, del que se\u00f1al\u00f3 que \u201ctuvo por objetivo vincularnos a quienes nos comprometemos con la tem\u00e1tica, dentro de un espacio de capacitaci\u00f3n, informaci\u00f3n y motivaci\u00f3n\u201d.<\/p>\n\n\n\n<p><\/p>\n\n\n\n<blockquote class=\"wp-block-quote is-layout-flow wp-block-quote-is-layout-flow\">\n<p>\u201cSe vio un trabajo articulado entre las provincias y ciudades, instituciones, y entidades gubernamentales y civiles que apuntan a que cada d\u00eda estemos un poquito mejor y fomentemos la sostenibilidad\u201d, agreg\u00f3.<\/p>\n<\/blockquote>\n\n\n\n<p><\/p>\n\n\n\n<figure class=\"wp-block-image size-full\"><img data-recalc-dims=\"1\" loading=\"lazy\" decoding=\"async\" width=\"800\" height=\"445\" src=\"https:\/\/i0.wp.com\/cdnoticias.com\/wp-content\/uploads\/2024\/07\/WhatsApp-Image-2024-07-01-at-10.53.05.jpeg?resize=800%2C445&#038;ssl=1\" alt=\"\" class=\"wp-image-119652\" srcset=\"https:\/\/i0.wp.com\/cdnoticias.com\/wp-content\/uploads\/2024\/07\/WhatsApp-Image-2024-07-01-at-10.53.05.jpeg?w=800&amp;ssl=1 800w, https:\/\/i0.wp.com\/cdnoticias.com\/wp-content\/uploads\/2024\/07\/WhatsApp-Image-2024-07-01-at-10.53.05.jpeg?resize=300%2C167&amp;ssl=1 300w, https:\/\/i0.wp.com\/cdnoticias.com\/wp-content\/uploads\/2024\/07\/WhatsApp-Image-2024-07-01-at-10.53.05.jpeg?resize=768%2C427&amp;ssl=1 768w\" sizes=\"auto, (max-width: 800px) 100vw, 800px\" \/><\/figure>\n\n\n\n<p><\/p>\n\n\n\n<p>Asimismo indic\u00f3 que<strong> \u201csomos actores con responsabilidad social que tenemos que trabajar para que nuestro planeta est\u00e9 cada d\u00eda mejor\u201d.<\/strong><\/p>\n\n\n\n<p><\/p>\n\n\n\n<p>Las exposiciones del Congreso estuvieron orientadas a <strong>proponer y trabajar de manera conjunta una pol\u00edtica deportiva ambiental:<\/strong> \u201cla mayor\u00eda de las ponencias orientaron su experiencia al respecto de la sostenibilidad y el ambiente, por ejemplo, la influencia de la contaminaci\u00f3n en nuestra alimentaci\u00f3n, entre otro centenar de temas\u201d.<\/p>\n\n\n\n<p><\/p>\n\n\n\n<p>\u201cCada uno de nosotros <strong>podemos modificar peque\u00f1as pr\u00e1cticas y replicarlas en los espacios en que nos movemos. <\/strong>Los clubes -por ejemplo- son lugares que, principalmente con el uso racional de agua o la reducci\u00f3n de pl\u00e1sticos, pueden pensar en constituirse como espacios sostenibles y reducir el impacto\u201d, concluy\u00f3.<\/p>\n","protected":false},"excerpt":{"rendered":"<p>La concejal del bloque PRO-ERF estuvo en la actividad organizada por el Comit\u00e9 Ol\u00edmpico Argentino. El pasado fin de semana<\/p>\n","protected":false},"author":2,"featured_media":119651,"comment_status":"closed","ping_status":"closed","sticky":false,"template":"","format":"standard","meta":{"_jetpack_memberships_contains_paid_content":false,"footnotes":""},"categories":[4,1],"tags":[],"class_list":["post-119650","post","type-post","status-publish","format-standard","has-post-thumbnail","hentry","category-politica","category-portada"],"jetpack_featured_media_url":"https:\/\/i0.wp.com\/cdnoticias.com\/wp-content\/uploads\/2024\/07\/WhatsApp-Image-2024-07-01-at-10.53.04.jpeg?fit=800%2C445&ssl=1","jetpack_sharing_enabled":true,"_links":{"self":[{"href":"https:\/\/cdnoticias.com\/index.php\/wp-json\/wp\/v2\/posts\/119650","targetHints":{"allow":["GET"]}}],"collection":[{"href":"https:\/\/cdnoticias.com\/index.php\/wp-json\/wp\/v2\/posts"}],"about":[{"href":"https:\/\/cdnoticias.com\/index.php\/wp-json\/wp\/v2\/types\/post"}],"author":[{"embeddable":true,"href":"https:\/\/cdnoticias.com\/index.php\/wp-json\/wp\/v2\/users\/2"}],"replies":[{"embeddable":true,"href":"https:\/\/cdnoticias.com\/index.php\/wp-json\/wp\/v2\/comments?post=119650"}],"version-history":[{"count":0,"href":"https:\/\/cdnoticias.com\/index.php\/wp-json\/wp\/v2\/posts\/119650\/revisions"}],"wp:featuredmedia":[{"embeddable":true,"href":"https:\/\/cdnoticias.com\/index.php\/wp-json\/wp\/v2\/media\/119651"}],"wp:attachment":[{"href":"https:\/\/cdnoticias.com\/index.php\/wp-json\/wp\/v2\/media?parent=119650"}],"wp:term":[{"taxonomy":"category","embeddable":true,"href":"https:\/\/cdnoticias.com\/index.php\/wp-json\/wp\/v2\/categories?post=119650"},{"taxonomy":"post_tag","embeddable":true,"href":"https:\/\/cdnoticias.com\/index.php\/wp-json\/wp\/v2\/tags?post=119650"}],"curies":[{"name":"wp","href":"https:\/\/api.w.org\/{rel}","templated":true}]}}