{"id":119636,"date":"2024-07-01T10:12:16","date_gmt":"2024-07-01T13:12:16","guid":{"rendered":"https:\/\/cdnoticias.com\/?p=119636"},"modified":"2024-07-01T12:14:42","modified_gmt":"2024-07-01T15:14:42","slug":"gustavo-gregorini-lo-que-vivi-yo-fue-una-catastrofe-una-masacre-de-animalitos","status":"publish","type":"post","link":"https:\/\/cdnoticias.com\/index.php\/2024\/07\/01\/gustavo-gregorini-lo-que-vivi-yo-fue-una-catastrofe-una-masacre-de-animalitos\/","title":{"rendered":"Gustavo Gregorini: \u201clo que viv\u00ed yo fue una cat\u00e1strofe, una masacre de animalitos\u201d"},"content":{"rendered":"<p>Central de Noticias habl\u00f3 con el vecino de Sierra Chica impulsor de la manifestaci\u00f3n de este domingo. Destac\u00f3 la labor de la Subcomisar\u00eda y cuestion\u00f3 a la Delegaci\u00f3n Municipal.<!--more--><\/p>\n<hr \/>\n<p>Durante la <a href=\"https:\/\/cdnoticias.com\/index.php\/2024\/06\/30\/manifestacion-por-la-muerte-de-perros-por-envenenamiento-en-sierra-chica-queremos-justicia\/\" target=\"_blank\" rel=\"noopener\">manifestaci\u00f3n de este domingo en el Paseo Mend\u00eda<\/a> en reclamo por el caso de<strong> perros muertos por envenenamiento en Sierra Chica<\/strong>, <strong>Central de Noticias<\/strong> habl\u00f3 con<strong> Gustavo Gregorini<\/strong>.<\/p>\n<p>El <strong>vecino de la localidad<\/strong> fue uno de los impulsores de la manifestaci\u00f3n que logr\u00f3 el apoyo de las agrupaciones de protectoras de mascotas para llevar a cabo la protesta con marcha.<\/p>\n<p>Gregorini destac\u00f3 su <strong>agradecimiento por el apoyo recibido este domingo, \u201csolamente venimos a pedir justicia y ayuda\u201d<\/strong>. Tuvo en cuenta que este lunes se cumplen 14 d\u00edas desde el inicio del hallazgo de los perros fallecidos.<\/p>\n<p><strong>\u201cMurieron m\u00e1s de 30 perros, entre mascotas y perritos de la calle<\/strong>. Yo lo uno igual porque un perrito de la calle por ah\u00ed no tiene cari\u00f1o, no tiene con qu\u00e9 comer o d\u00f3nde dormir. Una mascota es distinto, como <em>mi perro Cartucho que ac\u00e1 lo ves, dorm\u00eda adentro, se ba\u00f1aba, com\u00eda adentro, trabajaba en mi negocio, era un perrito que estaba conmigo horas y horas. Y muri\u00f3 a las 10.15 de la ma\u00f1ana<\/em>. Era triste salir y era un solo griter\u00edo de vecinos. No entend\u00eda qu\u00e9 pasaba y todos lloraban, todos gritaban que los perros hab\u00edan sido envenenados. <strong>\u00bfQu\u00e9 mal pueden hacer esos perros? Salieron a la calle y en 10 minutos murieron\u201d<\/strong> record\u00f3 sobre lo sucedido el lunes 17 de junio.<\/p>\n<p><img data-recalc-dims=\"1\" loading=\"lazy\" decoding=\"async\" class=\"size-full wp-image-119606 aligncenter\" src=\"https:\/\/i0.wp.com\/cdnoticias.com\/wp-content\/uploads\/2024\/06\/manifestacion-perros-sierra-chica-02-gustavo-gregorini.jpg?resize=800%2C445&#038;ssl=1\" alt=\"\" width=\"800\" height=\"445\" srcset=\"https:\/\/i0.wp.com\/cdnoticias.com\/wp-content\/uploads\/2024\/06\/manifestacion-perros-sierra-chica-02-gustavo-gregorini.jpg?w=1000&amp;ssl=1 1000w, https:\/\/i0.wp.com\/cdnoticias.com\/wp-content\/uploads\/2024\/06\/manifestacion-perros-sierra-chica-02-gustavo-gregorini.jpg?resize=300%2C167&amp;ssl=1 300w, https:\/\/i0.wp.com\/cdnoticias.com\/wp-content\/uploads\/2024\/06\/manifestacion-perros-sierra-chica-02-gustavo-gregorini.jpg?resize=768%2C427&amp;ssl=1 768w, https:\/\/i0.wp.com\/cdnoticias.com\/wp-content\/uploads\/2024\/06\/manifestacion-perros-sierra-chica-02-gustavo-gregorini.jpg?resize=800%2C445&amp;ssl=1 800w\" sizes=\"auto, (max-width: 800px) 100vw, 800px\" \/><\/p>\n<p>Valor\u00f3 el <a href=\"https:\/\/cdnoticias.com\/index.php\/2024\/06\/27\/envenenamiento-de-perros-en-la-delegacion-de-sierra-chica-se-reportaron-16-casos\/\" target=\"_blank\" rel=\"noopener\">pedido de informe aprobado en el Concejo Deliberante<\/a> el jueves pasado, <strong>\u201chubo una aprobaci\u00f3n un\u00e1nime para la investigaci\u00f3n. Eso a nosotros nos ayuda much\u00edsimo, s\u00e9 que la Fiscal\u00eda est\u00e1 trabajando muy bien. Tenemos que tambi\u00e9n agradecer a la polic\u00eda de Sierra Chica<\/strong> lo que trabaja y sigue trabajando esclareciendo m\u00e1s, porque <strong>hasta ayer encontramos m\u00e1s perritos muertos\u201d<\/strong>. Gustavo Gregorini se hizo presente en el recinto Legislativo durante la sesi\u00f3n.<\/p>\n<blockquote><p>En ese sentido, destac\u00f3 que \u201cyo desde el primer momento ped\u00ed ayuda y veterinarios que vayan porque lo que viv\u00ed yo fue una cat\u00e1strofe, una masacre de animalitos\u201d.<\/p><\/blockquote>\n<p>A continuaci\u00f3n, <strong>cuestion\u00f3 que \u201cel delegado municipal nunca se hizo presente, ni siquiera en mi casa<\/strong>. Ni el delegado ni nadie de la Municipalidad. Fueron a la localidad las 48 horas, cuando ya todo hab\u00eda pasado, yo hab\u00eda enterrado a mi perrito, y le dije que no porque ya era tarde. La sociedad ya estaba deshilachada, todos hecho pedazos\u201d.<\/p>\n<p><strong>\u201cHoy estamos aqu\u00ed pidiendo que se haga justicia,<\/strong> no queremos hacer piquete ni molestar, <strong>queremos llegar a la verdad, pedir ayuda y justicia<\/strong>. Simplemente eso\u201d subray\u00f3 sobre el objetivo de la manifestaci\u00f3n de este domingo.<\/p>\n<p><img data-recalc-dims=\"1\" loading=\"lazy\" decoding=\"async\" class=\"size-full wp-image-119599 aligncenter\" src=\"https:\/\/i0.wp.com\/cdnoticias.com\/wp-content\/uploads\/2024\/06\/manifestacion-perros-sierra-chica-06.jpg?resize=800%2C445&#038;ssl=1\" alt=\"\" width=\"800\" height=\"445\" srcset=\"https:\/\/i0.wp.com\/cdnoticias.com\/wp-content\/uploads\/2024\/06\/manifestacion-perros-sierra-chica-06.jpg?w=1000&amp;ssl=1 1000w, https:\/\/i0.wp.com\/cdnoticias.com\/wp-content\/uploads\/2024\/06\/manifestacion-perros-sierra-chica-06.jpg?resize=300%2C167&amp;ssl=1 300w, https:\/\/i0.wp.com\/cdnoticias.com\/wp-content\/uploads\/2024\/06\/manifestacion-perros-sierra-chica-06.jpg?resize=768%2C427&amp;ssl=1 768w, https:\/\/i0.wp.com\/cdnoticias.com\/wp-content\/uploads\/2024\/06\/manifestacion-perros-sierra-chica-06.jpg?resize=800%2C445&amp;ssl=1 800w\" sizes=\"auto, (max-width: 800px) 100vw, 800px\" \/><\/p>\n","protected":false},"excerpt":{"rendered":"<p>Central de Noticias habl\u00f3 con el vecino de Sierra Chica impulsor de la manifestaci\u00f3n de este domingo. Destac\u00f3 la labor<\/p>\n","protected":false},"author":4,"featured_media":119596,"comment_status":"closed","ping_status":"closed","sticky":false,"template":"","format":"standard","meta":{"_jetpack_memberships_contains_paid_content":false,"footnotes":""},"categories":[5,1],"tags":[],"class_list":["post-119636","post","type-post","status-publish","format-standard","has-post-thumbnail","hentry","category-informacion-general","category-portada"],"jetpack_featured_media_url":"https:\/\/i0.wp.com\/cdnoticias.com\/wp-content\/uploads\/2024\/06\/manifestacion-perros-sierra-chica-03-gustavo-gregorini.jpg?fit=1000%2C556&ssl=1","jetpack_sharing_enabled":true,"_links":{"self":[{"href":"https:\/\/cdnoticias.com\/index.php\/wp-json\/wp\/v2\/posts\/119636","targetHints":{"allow":["GET"]}}],"collection":[{"href":"https:\/\/cdnoticias.com\/index.php\/wp-json\/wp\/v2\/posts"}],"about":[{"href":"https:\/\/cdnoticias.com\/index.php\/wp-json\/wp\/v2\/types\/post"}],"author":[{"embeddable":true,"href":"https:\/\/cdnoticias.com\/index.php\/wp-json\/wp\/v2\/users\/4"}],"replies":[{"embeddable":true,"href":"https:\/\/cdnoticias.com\/index.php\/wp-json\/wp\/v2\/comments?post=119636"}],"version-history":[{"count":0,"href":"https:\/\/cdnoticias.com\/index.php\/wp-json\/wp\/v2\/posts\/119636\/revisions"}],"wp:featuredmedia":[{"embeddable":true,"href":"https:\/\/cdnoticias.com\/index.php\/wp-json\/wp\/v2\/media\/119596"}],"wp:attachment":[{"href":"https:\/\/cdnoticias.com\/index.php\/wp-json\/wp\/v2\/media?parent=119636"}],"wp:term":[{"taxonomy":"category","embeddable":true,"href":"https:\/\/cdnoticias.com\/index.php\/wp-json\/wp\/v2\/categories?post=119636"},{"taxonomy":"post_tag","embeddable":true,"href":"https:\/\/cdnoticias.com\/index.php\/wp-json\/wp\/v2\/tags?post=119636"}],"curies":[{"name":"wp","href":"https:\/\/api.w.org\/{rel}","templated":true}]}}