{"id":119595,"date":"2024-06-30T20:30:04","date_gmt":"2024-06-30T23:30:04","guid":{"rendered":"https:\/\/cdnoticias.com\/?p=119595"},"modified":"2024-07-01T09:25:27","modified_gmt":"2024-07-01T12:25:27","slug":"manifestacion-por-la-muerte-de-perros-por-envenenamiento-en-sierra-chica-queremos-justicia","status":"publish","type":"post","link":"https:\/\/cdnoticias.com\/index.php\/2024\/06\/30\/manifestacion-por-la-muerte-de-perros-por-envenenamiento-en-sierra-chica-queremos-justicia\/","title":{"rendered":"Manifestaci\u00f3n por la muerte de perros por envenenamiento en Sierra Chica: \u201cqueremos justicia\u201d"},"content":{"rendered":"<p>Un nutrido grupo se convoc\u00f3 en el Paseo Mend\u00eda y march\u00f3 por el centro de Olavarr\u00eda. \u201cNo voy a parar hasta saber qui\u00e9nes son los responsables\u201d dijo Gustavo Gregorini, uno de los denunciantes.<!--more--><\/p>\n<hr \/>\n<p>Este domingo se desarroll\u00f3 <strong>una manifestaci\u00f3n en reclamo por el caso de los <a href=\"https:\/\/cdnoticias.com\/index.php\/2024\/06\/28\/el-pro-denuncio-la-aparicion-de-mas-perros-envenenados-en-sierra-chica\/\" target=\"_blank\" rel=\"noopener\">perros envenenados en Sierra Chica<\/a><\/strong>. La medida fue impulsada por las <strong>agrupaciones protectoras de mascotas de Olavarr\u00eda y por el vecino Gustavo Gregorini<\/strong>, de Sierra Chica, cuyo perro Cartucho fue uno de los fallecidos.<\/p>\n<p>La <strong>concentraci\u00f3n se concret\u00f3 en el Paseo Jes\u00fas Mend\u00eda<\/strong> y frente al Palacio Municipal donde expresaron el <strong>pedido de esclarecimiento del caso.<\/strong><\/p>\n<p>Adem\u00e1s, hicieron<strong> una marcha por calles c\u00e9ntricas<\/strong>. El nutrido grupo recorri\u00f3 Rivadavia, General Paz, Vicente L\u00f3pez y Dorrego para regresar al Palacio Municipal.<\/p>\n<blockquote class=\"instagram-media\" style=\"background: #FFF; border: 0; border-radius: 3px; box-shadow: 0 0 1px 0 rgba(0,0,0,0.5),0 1px 10px 0 rgba(0,0,0,0.15); margin: 1px; max-width: 540px; min-width: 326px; padding: 0; width: calc(100% - 2px);\" data-instgrm-permalink=\"https:\/\/www.instagram.com\/reel\/C82tTlwh1zm\/?utm_source=ig_embed&amp;utm_campaign=loading\" data-instgrm-version=\"14\">\n<div style=\"padding: 16px;\">\n<div style=\"display: flex; flex-direction: row; align-items: center;\">\n<div style=\"background-color: #f4f4f4; border-radius: 50%; flex-grow: 0; height: 40px; margin-right: 14px; width: 40px;\"><\/div>\n<div style=\"display: flex; flex-direction: column; flex-grow: 1; justify-content: center;\">\n<div style=\"background-color: #f4f4f4; border-radius: 4px; flex-grow: 0; height: 14px; margin-bottom: 6px; width: 100px;\"><\/div>\n<div style=\"background-color: #f4f4f4; border-radius: 4px; flex-grow: 0; height: 14px; width: 60px;\"><\/div>\n<\/div>\n<\/div>\n<div style=\"padding: 19% 0;\"><\/div>\n<div style=\"display: block; height: 50px; margin: 0 auto 12px; width: 50px;\"><\/div>\n<div style=\"padding-top: 8px;\">\n<div style=\"color: #3897f0; font-family: Arial,sans-serif; font-size: 14px; font-style: normal; font-weight: 550; line-height: 18px;\">Ver esta publicaci\u00f3n en Instagram<\/div>\n<\/div>\n<div style=\"padding: 12.5% 0;\"><\/div>\n<div style=\"display: flex; flex-direction: row; margin-bottom: 14px; align-items: center;\">\n<div>\n<div style=\"background-color: #f4f4f4; border-radius: 50%; height: 12.5px; width: 12.5px; transform: translateX(0px) translateY(7px);\"><\/div>\n<div style=\"background-color: #f4f4f4; height: 12.5px; transform: rotate(-45deg) translateX(3px) translateY(1px); width: 12.5px; flex-grow: 0; margin-right: 14px; margin-left: 2px;\"><\/div>\n<div style=\"background-color: #f4f4f4; border-radius: 50%; height: 12.5px; width: 12.5px; transform: translateX(9px) translateY(-18px);\"><\/div>\n<\/div>\n<div style=\"margin-left: 8px;\">\n<div style=\"background-color: #f4f4f4; border-radius: 50%; flex-grow: 0; height: 20px; width: 20px;\"><\/div>\n<div style=\"width: 0; height: 0; border-top: 2px solid transparent; border-left: 6px solid #f4f4f4; border-bottom: 2px solid transparent; transform: translateX(16px) translateY(-4px) rotate(30deg);\"><\/div>\n<\/div>\n<div style=\"margin-left: auto;\">\n<div style=\"width: 0px; border-top: 8px solid #F4F4F4; border-right: 8px solid transparent; transform: translateY(16px);\"><\/div>\n<div style=\"background-color: #f4f4f4; flex-grow: 0; height: 12px; width: 16px; transform: translateY(-4px);\"><\/div>\n<div style=\"width: 0; height: 0; border-top: 8px solid #F4F4F4; border-left: 8px solid transparent; transform: translateY(-4px) translateX(8px);\"><\/div>\n<\/div>\n<\/div>\n<div style=\"display: flex; flex-direction: column; flex-grow: 1; justify-content: center; margin-bottom: 24px;\">\n<div style=\"background-color: #f4f4f4; border-radius: 4px; flex-grow: 0; height: 14px; margin-bottom: 6px; width: 224px;\"><\/div>\n<div style=\"background-color: #f4f4f4; border-radius: 4px; flex-grow: 0; height: 14px; width: 144px;\"><\/div>\n<\/div>\n<p style=\"color: #c9c8cd; font-family: Arial,sans-serif; font-size: 14px; line-height: 17px; margin-bottom: 0; margin-top: 8px; overflow: hidden; padding: 8px 0 7px; text-align: center; text-overflow: ellipsis; white-space: nowrap;\"><a style=\"color: #c9c8cd; font-family: Arial,sans-serif; font-size: 14px; font-style: normal; font-weight: normal; line-height: 17px; text-decoration: none;\" href=\"https:\/\/www.instagram.com\/reel\/C82tTlwh1zm\/?utm_source=ig_embed&amp;utm_campaign=loading\" target=\"_blank\" rel=\"noopener\">Una publicaci\u00f3n compartida por Central de Noticias Olavarr\u00eda (@cdnolavarria)<\/a><\/p>\n<\/div>\n<\/blockquote>\n<p><script async src=\"\/\/www.instagram.com\/embed.js\"><\/script><\/p>\n<p>Entre los asistentes, se contaron los <strong>concejales de Pro-ERF, Guillermina Amespil y Carlos Coscia<\/strong>, integrantes del bloque<a href=\"https:\/\/cdnoticias.com\/index.php\/2024\/06\/27\/envenenamiento-de-perros-en-la-delegacion-de-sierra-chica-se-reportaron-16-casos\/\" target=\"_blank\" rel=\"noopener\"> impulsor del pedido de informe que se aprob\u00f3 en el Concejo Deliberante<\/a>. Adem\u00e1s, estuvo la <strong>dirigente bullrichista Andrea Coronel<\/strong>.<\/p>\n<p>En el acto, <strong>Mariela S\u00e1nchez, del grupo Patitas Rescatadas<\/strong>, denunci\u00f3 que las muertes de los perros, tanto con due\u00f1os como callejeros, <em>se dieron \u201cde forma vil, traicionera y brutal\u201d<\/em>.<strong> \u201cQueremos saber qui\u00e9nes fueron los responsables de esta matanza, de este delito contra la paz y tranquilidad de nuestros amigos de cuatro patas\u201d<\/strong> ley\u00f3 frente a todos los asistentes.<\/p>\n<p><img data-recalc-dims=\"1\" loading=\"lazy\" decoding=\"async\" class=\"alignnone size-full wp-image-119605\" src=\"https:\/\/i0.wp.com\/cdnoticias.com\/wp-content\/uploads\/2024\/06\/manifestacion-perros-sierra-chica-01a.jpg?resize=800%2C445&#038;ssl=1\" alt=\"\" width=\"800\" height=\"445\" srcset=\"https:\/\/i0.wp.com\/cdnoticias.com\/wp-content\/uploads\/2024\/06\/manifestacion-perros-sierra-chica-01a.jpg?w=1000&amp;ssl=1 1000w, https:\/\/i0.wp.com\/cdnoticias.com\/wp-content\/uploads\/2024\/06\/manifestacion-perros-sierra-chica-01a.jpg?resize=300%2C167&amp;ssl=1 300w, https:\/\/i0.wp.com\/cdnoticias.com\/wp-content\/uploads\/2024\/06\/manifestacion-perros-sierra-chica-01a.jpg?resize=768%2C427&amp;ssl=1 768w, https:\/\/i0.wp.com\/cdnoticias.com\/wp-content\/uploads\/2024\/06\/manifestacion-perros-sierra-chica-01a.jpg?resize=800%2C445&amp;ssl=1 800w\" sizes=\"auto, (max-width: 800px) 100vw, 800px\" \/><\/p>\n<p><img data-recalc-dims=\"1\" loading=\"lazy\" decoding=\"async\" class=\"alignnone size-full wp-image-119604\" src=\"https:\/\/i0.wp.com\/cdnoticias.com\/wp-content\/uploads\/2024\/06\/manifestacion-perros-sierra-chica-01.jpg?resize=800%2C445&#038;ssl=1\" alt=\"\" width=\"800\" height=\"445\" srcset=\"https:\/\/i0.wp.com\/cdnoticias.com\/wp-content\/uploads\/2024\/06\/manifestacion-perros-sierra-chica-01.jpg?w=1000&amp;ssl=1 1000w, https:\/\/i0.wp.com\/cdnoticias.com\/wp-content\/uploads\/2024\/06\/manifestacion-perros-sierra-chica-01.jpg?resize=300%2C167&amp;ssl=1 300w, https:\/\/i0.wp.com\/cdnoticias.com\/wp-content\/uploads\/2024\/06\/manifestacion-perros-sierra-chica-01.jpg?resize=768%2C427&amp;ssl=1 768w, https:\/\/i0.wp.com\/cdnoticias.com\/wp-content\/uploads\/2024\/06\/manifestacion-perros-sierra-chica-01.jpg?resize=800%2C445&amp;ssl=1 800w\" sizes=\"auto, (max-width: 800px) 100vw, 800px\" \/><\/p>\n<p>M\u00e1s adelante reafirm\u00f3<strong> \u201cqueremos justicia, que se encuentre a los responsables de estos crueles asesinatos masivos en Sierra Chica, Hinojo y Olavarr\u00eda\u201d<\/strong>.<\/p>\n<blockquote><p>Invit\u00f3 a los asistentes que perdieron a sus mascotas a expresarse y el primero en hacerlo fue Gustavo Gregorini quien se mostr\u00f3 emocionado y afectado por la p\u00e9rdida de su perro. \u201cNo voy a parar hasta saber qui\u00e9nes son los responsables, porque lo que hicieron fue una masacre que nunca, en 60 a\u00f1os, vi\u201d manifest\u00f3.<\/p><\/blockquote>\n<p>\u201cMe siento totalmente mal, pero tengo que agradecer a toda la gente que est\u00e1 ac\u00e1\u201d destac\u00f3 sobre la convocatoria al tiempo que se quej\u00f3 de que<strong> \u201cnadie de la Municipalidad est\u00e1\u201d.<\/strong><\/p>\n<p><img data-recalc-dims=\"1\" loading=\"lazy\" decoding=\"async\" class=\"alignnone size-full wp-image-119602\" src=\"https:\/\/i0.wp.com\/cdnoticias.com\/wp-content\/uploads\/2024\/06\/manifestacion-perros-sierra-chica-09.jpg?resize=800%2C445&#038;ssl=1\" alt=\"\" width=\"800\" height=\"445\" srcset=\"https:\/\/i0.wp.com\/cdnoticias.com\/wp-content\/uploads\/2024\/06\/manifestacion-perros-sierra-chica-09.jpg?w=1000&amp;ssl=1 1000w, https:\/\/i0.wp.com\/cdnoticias.com\/wp-content\/uploads\/2024\/06\/manifestacion-perros-sierra-chica-09.jpg?resize=300%2C167&amp;ssl=1 300w, https:\/\/i0.wp.com\/cdnoticias.com\/wp-content\/uploads\/2024\/06\/manifestacion-perros-sierra-chica-09.jpg?resize=768%2C427&amp;ssl=1 768w, https:\/\/i0.wp.com\/cdnoticias.com\/wp-content\/uploads\/2024\/06\/manifestacion-perros-sierra-chica-09.jpg?resize=800%2C445&amp;ssl=1 800w\" sizes=\"auto, (max-width: 800px) 100vw, 800px\" \/><\/p>\n<p><img data-recalc-dims=\"1\" loading=\"lazy\" decoding=\"async\" class=\"alignnone size-full wp-image-119601\" src=\"https:\/\/i0.wp.com\/cdnoticias.com\/wp-content\/uploads\/2024\/06\/manifestacion-perros-sierra-chica-08.jpg?resize=800%2C445&#038;ssl=1\" alt=\"\" width=\"800\" height=\"445\" srcset=\"https:\/\/i0.wp.com\/cdnoticias.com\/wp-content\/uploads\/2024\/06\/manifestacion-perros-sierra-chica-08.jpg?w=1000&amp;ssl=1 1000w, https:\/\/i0.wp.com\/cdnoticias.com\/wp-content\/uploads\/2024\/06\/manifestacion-perros-sierra-chica-08.jpg?resize=300%2C167&amp;ssl=1 300w, https:\/\/i0.wp.com\/cdnoticias.com\/wp-content\/uploads\/2024\/06\/manifestacion-perros-sierra-chica-08.jpg?resize=768%2C427&amp;ssl=1 768w, https:\/\/i0.wp.com\/cdnoticias.com\/wp-content\/uploads\/2024\/06\/manifestacion-perros-sierra-chica-08.jpg?resize=800%2C445&amp;ssl=1 800w\" sizes=\"auto, (max-width: 800px) 100vw, 800px\" \/><\/p>\n<h3>\u201cQue Gustavo tenga una respuesta\u201d<\/h3>\n<p><strong>Central de Noticias<\/strong> habl\u00f3 con <strong>Mariana y Patricia, integrantes de APOAA<\/strong>, que participaron de la manifestaci\u00f3n.<\/p>\n<p>\u201cDecidimos acompa\u00f1ar a Gustavo y los vecinos de Sierra Chica porque <strong>lo que les pas\u00f3 es algo fuera de lo normal, no es aislado ni no planificado. El resultado es obviamente s\u00faper triste<\/strong> para los que amamos a los animales\u201d dijo Mariana. \u201cVemos en Gustavo en dolor, lo que significaba su mascota\u201d defini\u00f3.<\/p>\n<p><em>\u201cNos pusimos en coordinaci\u00f3n las protectoras de la ciudad junto con funcionarios de la oposici\u00f3n municipal y estamos acompa\u00f1ando a Gustavo\u201d<\/em> agreg\u00f3.<\/p>\n<blockquote><p>Indic\u00f3 que desde APOAA se interiorizaron sobre el caso para destacar la repitencia de los hechos y que buscan explicaciones \u201cpara que no quede en la nada, que nos expliquen porqu\u00e9 las c\u00e1maras de seguridad no funcionaban, para encontrar c\u00e1maras de seguridad que expliquen la situaci\u00f3n y que Gustavo tenga una respuesta\u201d.<\/p><\/blockquote>\n<p><img data-recalc-dims=\"1\" loading=\"lazy\" decoding=\"async\" class=\"alignnone size-full wp-image-119606\" src=\"https:\/\/i0.wp.com\/cdnoticias.com\/wp-content\/uploads\/2024\/06\/manifestacion-perros-sierra-chica-02-gustavo-gregorini.jpg?resize=800%2C445&#038;ssl=1\" alt=\"\" width=\"800\" height=\"445\" srcset=\"https:\/\/i0.wp.com\/cdnoticias.com\/wp-content\/uploads\/2024\/06\/manifestacion-perros-sierra-chica-02-gustavo-gregorini.jpg?w=1000&amp;ssl=1 1000w, https:\/\/i0.wp.com\/cdnoticias.com\/wp-content\/uploads\/2024\/06\/manifestacion-perros-sierra-chica-02-gustavo-gregorini.jpg?resize=300%2C167&amp;ssl=1 300w, https:\/\/i0.wp.com\/cdnoticias.com\/wp-content\/uploads\/2024\/06\/manifestacion-perros-sierra-chica-02-gustavo-gregorini.jpg?resize=768%2C427&amp;ssl=1 768w, https:\/\/i0.wp.com\/cdnoticias.com\/wp-content\/uploads\/2024\/06\/manifestacion-perros-sierra-chica-02-gustavo-gregorini.jpg?resize=800%2C445&amp;ssl=1 800w\" sizes=\"auto, (max-width: 800px) 100vw, 800px\" \/><\/p>\n<p><img data-recalc-dims=\"1\" loading=\"lazy\" decoding=\"async\" class=\"alignnone size-full wp-image-119598\" src=\"https:\/\/i0.wp.com\/cdnoticias.com\/wp-content\/uploads\/2024\/06\/manifestacion-perros-sierra-chica-05.jpg?resize=800%2C445&#038;ssl=1\" alt=\"\" width=\"800\" height=\"445\" srcset=\"https:\/\/i0.wp.com\/cdnoticias.com\/wp-content\/uploads\/2024\/06\/manifestacion-perros-sierra-chica-05.jpg?w=1000&amp;ssl=1 1000w, https:\/\/i0.wp.com\/cdnoticias.com\/wp-content\/uploads\/2024\/06\/manifestacion-perros-sierra-chica-05.jpg?resize=300%2C167&amp;ssl=1 300w, https:\/\/i0.wp.com\/cdnoticias.com\/wp-content\/uploads\/2024\/06\/manifestacion-perros-sierra-chica-05.jpg?resize=768%2C427&amp;ssl=1 768w, https:\/\/i0.wp.com\/cdnoticias.com\/wp-content\/uploads\/2024\/06\/manifestacion-perros-sierra-chica-05.jpg?resize=800%2C445&amp;ssl=1 800w\" sizes=\"auto, (max-width: 800px) 100vw, 800px\" \/><\/p>\n<p>Mariana consider\u00f3 tambi\u00e9n que el caso muestra que la presencia de los perros en las calles <strong>\u201cevidentemente era una problem\u00e1tica que no estaban pudiendo encontrar una soluci\u00f3n<\/strong> y decidieron tomar esta medida tan pat\u00e9tica y fuera de toda raz\u00f3n\u201d.<\/p>\n<p>Acerca de la asistencia a la manifestaci\u00f3n, Patricia valor\u00f3 que<strong> \u201ca pesar de ser un domingo y estar muy fresco, ha habido una convocatoria importante.<\/strong> Pero se necesita que se apoye m\u00e1s. Que venga m\u00e1s gente\u201d.<\/p>\n<blockquote><p>Tambi\u00e9n defini\u00f3 que \u201ces indignante que hagan esas cosas, se espera desde el delegado municipal una respuesta porque \u00e9l tiene que investigar\u201d. Por \u00faltimo, mostr\u00f3 confianza en el resultado de las <a href=\"https:\/\/cdnoticias.com\/index.php\/2024\/06\/26\/perros-envenenados-en-sierra-chica-el-fiscal-pidio-la-colaboracion-de-la-comunidad\/\" target=\"_blank\" rel=\"noopener\">averiguaciones de la justicia sobre los hechos<\/a>.<\/p><\/blockquote>\n<p><img data-recalc-dims=\"1\" loading=\"lazy\" decoding=\"async\" class=\"alignnone size-full wp-image-119600\" src=\"https:\/\/i0.wp.com\/cdnoticias.com\/wp-content\/uploads\/2024\/06\/manifestacion-perros-sierra-chica-07.jpg?resize=800%2C445&#038;ssl=1\" alt=\"\" width=\"800\" height=\"445\" srcset=\"https:\/\/i0.wp.com\/cdnoticias.com\/wp-content\/uploads\/2024\/06\/manifestacion-perros-sierra-chica-07.jpg?w=1000&amp;ssl=1 1000w, https:\/\/i0.wp.com\/cdnoticias.com\/wp-content\/uploads\/2024\/06\/manifestacion-perros-sierra-chica-07.jpg?resize=300%2C167&amp;ssl=1 300w, https:\/\/i0.wp.com\/cdnoticias.com\/wp-content\/uploads\/2024\/06\/manifestacion-perros-sierra-chica-07.jpg?resize=768%2C427&amp;ssl=1 768w, https:\/\/i0.wp.com\/cdnoticias.com\/wp-content\/uploads\/2024\/06\/manifestacion-perros-sierra-chica-07.jpg?resize=800%2C445&amp;ssl=1 800w\" sizes=\"auto, (max-width: 800px) 100vw, 800px\" \/><\/p>\n<p><img data-recalc-dims=\"1\" loading=\"lazy\" decoding=\"async\" class=\"alignnone size-full wp-image-119597\" src=\"https:\/\/i0.wp.com\/cdnoticias.com\/wp-content\/uploads\/2024\/06\/manifestacion-perros-sierra-chica-04-apoaa.jpg?resize=800%2C445&#038;ssl=1\" alt=\"\" width=\"800\" height=\"445\" srcset=\"https:\/\/i0.wp.com\/cdnoticias.com\/wp-content\/uploads\/2024\/06\/manifestacion-perros-sierra-chica-04-apoaa.jpg?w=1000&amp;ssl=1 1000w, https:\/\/i0.wp.com\/cdnoticias.com\/wp-content\/uploads\/2024\/06\/manifestacion-perros-sierra-chica-04-apoaa.jpg?resize=300%2C167&amp;ssl=1 300w, https:\/\/i0.wp.com\/cdnoticias.com\/wp-content\/uploads\/2024\/06\/manifestacion-perros-sierra-chica-04-apoaa.jpg?resize=768%2C427&amp;ssl=1 768w, https:\/\/i0.wp.com\/cdnoticias.com\/wp-content\/uploads\/2024\/06\/manifestacion-perros-sierra-chica-04-apoaa.jpg?resize=800%2C445&amp;ssl=1 800w\" sizes=\"auto, (max-width: 800px) 100vw, 800px\" \/><\/p>\n<blockquote class=\"wp-embedded-content\" data-secret=\"kjWXeyafiW\"><p><a href=\"https:\/\/cdnoticias.com\/index.php\/2024\/06\/26\/perros-envenenados-en-sierra-chica-el-fiscal-pidio-la-colaboracion-de-la-comunidad\/\">Perros envenenados en Sierra Chica: el fiscal pidi\u00f3 la colaboraci\u00f3n de la comunidad<\/a><\/p><\/blockquote>\n<p><iframe loading=\"lazy\" class=\"wp-embedded-content\" sandbox=\"allow-scripts\" security=\"restricted\" style=\"position: absolute; clip: rect(1px, 1px, 1px, 1px);\" title=\"&#8220;Perros envenenados en Sierra Chica: el fiscal pidi\u00f3 la colaboraci\u00f3n de la comunidad&#8221; &#8212; Central de Noticias | Olavarr\u00eda\" src=\"https:\/\/cdnoticias.com\/index.php\/2024\/06\/26\/perros-envenenados-en-sierra-chica-el-fiscal-pidio-la-colaboracion-de-la-comunidad\/embed\/#?secret=V955k92YBD#?secret=kjWXeyafiW\" data-secret=\"kjWXeyafiW\" width=\"600\" height=\"338\" frameborder=\"0\" marginwidth=\"0\" marginheight=\"0\" scrolling=\"no\"><\/iframe><\/p>\n","protected":false},"excerpt":{"rendered":"<p>Un nutrido grupo se convoc\u00f3 en el Paseo Mend\u00eda y march\u00f3 por el centro de Olavarr\u00eda. \u201cNo voy a parar<\/p>\n","protected":false},"author":4,"featured_media":119603,"comment_status":"closed","ping_status":"closed","sticky":false,"template":"","format":"standard","meta":{"_jetpack_memberships_contains_paid_content":false,"footnotes":""},"categories":[5,1],"tags":[],"class_list":["post-119595","post","type-post","status-publish","format-standard","has-post-thumbnail","hentry","category-informacion-general","category-portada"],"jetpack_featured_media_url":"https:\/\/i0.wp.com\/cdnoticias.com\/wp-content\/uploads\/2024\/06\/manifestacion-perros-sierra-chica-00.jpg?fit=1000%2C556&ssl=1","jetpack_sharing_enabled":true,"_links":{"self":[{"href":"https:\/\/cdnoticias.com\/index.php\/wp-json\/wp\/v2\/posts\/119595","targetHints":{"allow":["GET"]}}],"collection":[{"href":"https:\/\/cdnoticias.com\/index.php\/wp-json\/wp\/v2\/posts"}],"about":[{"href":"https:\/\/cdnoticias.com\/index.php\/wp-json\/wp\/v2\/types\/post"}],"author":[{"embeddable":true,"href":"https:\/\/cdnoticias.com\/index.php\/wp-json\/wp\/v2\/users\/4"}],"replies":[{"embeddable":true,"href":"https:\/\/cdnoticias.com\/index.php\/wp-json\/wp\/v2\/comments?post=119595"}],"version-history":[{"count":0,"href":"https:\/\/cdnoticias.com\/index.php\/wp-json\/wp\/v2\/posts\/119595\/revisions"}],"wp:featuredmedia":[{"embeddable":true,"href":"https:\/\/cdnoticias.com\/index.php\/wp-json\/wp\/v2\/media\/119603"}],"wp:attachment":[{"href":"https:\/\/cdnoticias.com\/index.php\/wp-json\/wp\/v2\/media?parent=119595"}],"wp:term":[{"taxonomy":"category","embeddable":true,"href":"https:\/\/cdnoticias.com\/index.php\/wp-json\/wp\/v2\/categories?post=119595"},{"taxonomy":"post_tag","embeddable":true,"href":"https:\/\/cdnoticias.com\/index.php\/wp-json\/wp\/v2\/tags?post=119595"}],"curies":[{"name":"wp","href":"https:\/\/api.w.org\/{rel}","templated":true}]}}