{"id":119575,"date":"2024-06-30T12:30:24","date_gmt":"2024-06-30T15:30:24","guid":{"rendered":"https:\/\/cdnoticias.com\/?p=119575"},"modified":"2024-06-30T12:33:00","modified_gmt":"2024-06-30T15:33:00","slug":"luego-de-20-anos-vuelve-la-banda-facon-a-los-escenarios","status":"publish","type":"post","link":"https:\/\/cdnoticias.com\/index.php\/2024\/06\/30\/luego-de-20-anos-vuelve-la-banda-facon-a-los-escenarios\/","title":{"rendered":"Luego de 20 a\u00f1os, vuelve la banda \u201cFac\u00f3n\u201d a los escenarios"},"content":{"rendered":"\n<p>La banda oriunda de Azul anunci\u00f3 a trav\u00e9s de sus redes sociales su vuelta. Un repaso por su carrera y la emoci\u00f3n de sus fan\u00e1ticos.<\/p>\n\n\n\n<hr class=\"wp-block-separator aligncenter has-alpha-channel-opacity\"\/>\n\n\n\n<p>Luego de<strong> 20 a\u00f1os de inactividad, <\/strong>la <strong>banda azule\u00f1a \u201cFac\u00f3n\u201d regresa a los escenarios<\/strong>. La vuelta de la banda se conoci\u00f3 a trav\u00e9s de las redes sociales y los fan\u00e1ticos no tardaron en compartir recuerdos de sus canciones.<\/p>\n\n\n\n<p><\/p>\n\n\n\n<p>La banda est\u00e1 liderada por <strong>Guillermo Turco Chiodi<\/strong> en guitarra y voz y <strong>Pieri Salda\u00f1o<\/strong> en charango, guitarra y voz.<\/p>\n\n\n\n<p><\/p>\n\n\n\n<blockquote class=\"wp-block-quote is-layout-flow wp-block-quote-is-layout-flow\">\n<p>El grupo inici\u00f3 su carrera el 11 de noviembre de 1996 y edit\u00f3 su primer CD titulado&nbsp; \u201cPeleador\u201d (1998) el cual tuvo gran \u00e9xito. El disco contiene canciones como \u201cYo soy Ella\u201d; \u201cLa Mariposa\u201d; \u201cTu querer\u201d y \u201cCantar\u00e9\u201d.<\/p>\n<\/blockquote>\n\n\n\n<p><\/p>\n\n\n\n<p>Fac\u00f3n <strong>salt\u00f3 a la fama con la canci\u00f3n &#8220;<em>Maquillando las noticias&#8221;<\/em>,<\/strong> la cual fue <strong>cortina del programa de Canal 13 &#8220;Primicias&#8221;<\/strong>, producido por <strong>Adri\u00e1n Suar <\/strong>del \u00e1lbum \u201c<strong>Mundo Caparaz\u00f3n\u201d (2000)<\/strong>, segundo disco editado de la banda.<\/p>\n\n\n\n<figure class=\"wp-block-image aligncenter size-full\"><img data-recalc-dims=\"1\" loading=\"lazy\" decoding=\"async\" width=\"800\" height=\"434\" src=\"https:\/\/i0.wp.com\/cdnoticias.com\/wp-content\/uploads\/2024\/06\/facon-vuelta.jpg?resize=800%2C434&#038;ssl=1\" alt=\"\" class=\"wp-image-119576\" srcset=\"https:\/\/i0.wp.com\/cdnoticias.com\/wp-content\/uploads\/2024\/06\/facon-vuelta.jpg?w=900&amp;ssl=1 900w, https:\/\/i0.wp.com\/cdnoticias.com\/wp-content\/uploads\/2024\/06\/facon-vuelta.jpg?resize=300%2C163&amp;ssl=1 300w, https:\/\/i0.wp.com\/cdnoticias.com\/wp-content\/uploads\/2024\/06\/facon-vuelta.jpg?resize=768%2C416&amp;ssl=1 768w\" sizes=\"auto, (max-width: 800px) 100vw, 800px\" \/><\/figure>\n\n\n\n<p><\/p>\n\n\n\n<p>Por \u00faltimo, la banda cuenta con el<strong> disco \u00a1\u00a1Adentro!!<\/strong> que incluye temas como <strong><em>&#8220;La construcci\u00f3n&#8221;, &#8220;Me pone bien&#8221; y \u201cLa red\u201d.<\/em><\/strong> <strong>La separaci\u00f3n de la banda original fue en 2004.<\/strong><\/p>\n\n\n\n<p><\/p>\n\n\n\n<p>Los fan\u00e1ticos de \u201cFac\u00f3n\u201d recibieron la noticia con gran alegr\u00eda y los recuerdos en redes sociales florecieron en segundos. Ahora, <strong>se espera con ansias una fecha en nuestra ciudad para volver a darle una nueva \u00a1bienvenida al carnaval!<\/strong><\/p>\n\n\n\n<p><\/p>\n\n\n\n<figure class=\"wp-block-image aligncenter size-full\"><img data-recalc-dims=\"1\" loading=\"lazy\" decoding=\"async\" width=\"800\" height=\"409\" src=\"https:\/\/i0.wp.com\/cdnoticias.com\/wp-content\/uploads\/2024\/06\/facon-vuelta2.jpg?resize=800%2C409&#038;ssl=1\" alt=\"\" class=\"wp-image-119578\" srcset=\"https:\/\/i0.wp.com\/cdnoticias.com\/wp-content\/uploads\/2024\/06\/facon-vuelta2.jpg?w=900&amp;ssl=1 900w, https:\/\/i0.wp.com\/cdnoticias.com\/wp-content\/uploads\/2024\/06\/facon-vuelta2.jpg?resize=300%2C153&amp;ssl=1 300w, https:\/\/i0.wp.com\/cdnoticias.com\/wp-content\/uploads\/2024\/06\/facon-vuelta2.jpg?resize=768%2C393&amp;ssl=1 768w\" sizes=\"auto, (max-width: 800px) 100vw, 800px\" \/><\/figure>\n\n\n\n<p><\/p>\n\n\n\n<p><em>Fotos: Andr\u00e9s Arouxet <\/em><\/p>\n","protected":false},"excerpt":{"rendered":"<p>La banda oriunda de Azul anunci\u00f3 a trav\u00e9s de sus redes sociales su vuelta. Un repaso por su carrera y<\/p>\n","protected":false},"author":6,"featured_media":119577,"comment_status":"closed","ping_status":"closed","sticky":false,"template":"","format":"standard","meta":{"_jetpack_memberships_contains_paid_content":false,"footnotes":""},"categories":[9,1],"tags":[],"class_list":["post-119575","post","type-post","status-publish","format-standard","has-post-thumbnail","hentry","category-cultura","category-portada"],"jetpack_featured_media_url":"https:\/\/i0.wp.com\/cdnoticias.com\/wp-content\/uploads\/2024\/06\/facon-vuelta1.jpg?fit=900%2C504&ssl=1","jetpack_sharing_enabled":true,"_links":{"self":[{"href":"https:\/\/cdnoticias.com\/index.php\/wp-json\/wp\/v2\/posts\/119575","targetHints":{"allow":["GET"]}}],"collection":[{"href":"https:\/\/cdnoticias.com\/index.php\/wp-json\/wp\/v2\/posts"}],"about":[{"href":"https:\/\/cdnoticias.com\/index.php\/wp-json\/wp\/v2\/types\/post"}],"author":[{"embeddable":true,"href":"https:\/\/cdnoticias.com\/index.php\/wp-json\/wp\/v2\/users\/6"}],"replies":[{"embeddable":true,"href":"https:\/\/cdnoticias.com\/index.php\/wp-json\/wp\/v2\/comments?post=119575"}],"version-history":[{"count":0,"href":"https:\/\/cdnoticias.com\/index.php\/wp-json\/wp\/v2\/posts\/119575\/revisions"}],"wp:featuredmedia":[{"embeddable":true,"href":"https:\/\/cdnoticias.com\/index.php\/wp-json\/wp\/v2\/media\/119577"}],"wp:attachment":[{"href":"https:\/\/cdnoticias.com\/index.php\/wp-json\/wp\/v2\/media?parent=119575"}],"wp:term":[{"taxonomy":"category","embeddable":true,"href":"https:\/\/cdnoticias.com\/index.php\/wp-json\/wp\/v2\/categories?post=119575"},{"taxonomy":"post_tag","embeddable":true,"href":"https:\/\/cdnoticias.com\/index.php\/wp-json\/wp\/v2\/tags?post=119575"}],"curies":[{"name":"wp","href":"https:\/\/api.w.org\/{rel}","templated":true}]}}