{"id":119573,"date":"2024-06-30T12:06:42","date_gmt":"2024-06-30T15:06:42","guid":{"rendered":"https:\/\/cdnoticias.com\/?p=119573"},"modified":"2024-06-30T12:06:44","modified_gmt":"2024-06-30T15:06:44","slug":"maria-isabel-jaureguiber-de-ali-isa-q-e-p-d","status":"publish","type":"post","link":"https:\/\/cdnoticias.com\/index.php\/2024\/06\/30\/maria-isabel-jaureguiber-de-ali-isa-q-e-p-d\/","title":{"rendered":"Mar\u00eda Isabel Jaureguiber de Al\u00ed \u201cIsa\u201d (Q.E.P.D.)"},"content":{"rendered":"\n<p>Falleci\u00f3 en Olavarr\u00eda el 30 de junio de 2024 a los 69 a\u00f1os.<\/p>\n\n\n\n<p>Su esposo V\u00edctor; sus hijos: Ignacio, Soledad y Alejandra Al\u00ed; sus hijos pol\u00edticos; sus nietos y dem\u00e1s deudos participan su fallecimiento.<\/p>\n\n\n\n<p>Velatorio: Espa\u00f1a 2942, Departamento &#8220;B&#8221;. Domingo 30 de junio de 13:00 a 17:00 horas y lunes 1 de julio de 08:00 a 10:30 horas. Responso: Capilla Ardiente. Inhumaci\u00f3n: Cementerio Loma de Paz, lunes 1 de julio a las 10:30 horas.<\/p>\n\n\n\n<p>Barrio en el que viv\u00eda: Hip\u00f3lito Yrigoyen<\/p>\n\n\n\n<p>Lugar de nacimiento: Chillar<\/p>\n\n\n\n<p>Actividad que desarrollaba: Jubilada de la Cl\u00ednica CEMEDA<\/p>\n","protected":false},"excerpt":{"rendered":"<p>Falleci\u00f3 en Olavarr\u00eda el 30 de junio de 2024 a los 69 a\u00f1os. Su esposo V\u00edctor; sus hijos: Ignacio, Soledad<\/p>\n","protected":false},"author":6,"featured_media":100390,"comment_status":"closed","ping_status":"closed","sticky":false,"template":"","format":"standard","meta":{"_jetpack_memberships_contains_paid_content":false,"footnotes":""},"categories":[10],"tags":[],"class_list":["post-119573","post","type-post","status-publish","format-standard","has-post-thumbnail","hentry","category-necrologicas"],"jetpack_featured_media_url":"https:\/\/i0.wp.com\/cdnoticias.com\/wp-content\/uploads\/2023\/10\/necrologicas-390-x-240.jpg?fit=390%2C240&ssl=1","jetpack_sharing_enabled":true,"_links":{"self":[{"href":"https:\/\/cdnoticias.com\/index.php\/wp-json\/wp\/v2\/posts\/119573","targetHints":{"allow":["GET"]}}],"collection":[{"href":"https:\/\/cdnoticias.com\/index.php\/wp-json\/wp\/v2\/posts"}],"about":[{"href":"https:\/\/cdnoticias.com\/index.php\/wp-json\/wp\/v2\/types\/post"}],"author":[{"embeddable":true,"href":"https:\/\/cdnoticias.com\/index.php\/wp-json\/wp\/v2\/users\/6"}],"replies":[{"embeddable":true,"href":"https:\/\/cdnoticias.com\/index.php\/wp-json\/wp\/v2\/comments?post=119573"}],"version-history":[{"count":0,"href":"https:\/\/cdnoticias.com\/index.php\/wp-json\/wp\/v2\/posts\/119573\/revisions"}],"wp:featuredmedia":[{"embeddable":true,"href":"https:\/\/cdnoticias.com\/index.php\/wp-json\/wp\/v2\/media\/100390"}],"wp:attachment":[{"href":"https:\/\/cdnoticias.com\/index.php\/wp-json\/wp\/v2\/media?parent=119573"}],"wp:term":[{"taxonomy":"category","embeddable":true,"href":"https:\/\/cdnoticias.com\/index.php\/wp-json\/wp\/v2\/categories?post=119573"},{"taxonomy":"post_tag","embeddable":true,"href":"https:\/\/cdnoticias.com\/index.php\/wp-json\/wp\/v2\/tags?post=119573"}],"curies":[{"name":"wp","href":"https:\/\/api.w.org\/{rel}","templated":true}]}}