{"id":119569,"date":"2024-06-30T13:30:19","date_gmt":"2024-06-30T16:30:19","guid":{"rendered":"https:\/\/cdnoticias.com\/?p=119569"},"modified":"2024-06-30T13:30:21","modified_gmt":"2024-06-30T16:30:21","slug":"los-empleados-de-comercio-firman-una-paritaria-trimestral-que-lleva-el-basico-a-858-000","status":"publish","type":"post","link":"https:\/\/cdnoticias.com\/index.php\/2024\/06\/30\/los-empleados-de-comercio-firman-una-paritaria-trimestral-que-lleva-el-basico-a-858-000\/","title":{"rendered":"Los empleados de comercio firman una paritaria trimestral que lleva el b\u00e1sico a $ 858.000"},"content":{"rendered":"\n<p>Lo logr\u00f3 FAECYS, el gremio m\u00e1s grande del pa\u00eds con 1,2 millones de afiliados, junto a las c\u00e1maras de comercio. La suba, repartido entra junio y agosto, es del 13,5%.<\/p>\n\n\n\n<hr class=\"wp-block-separator aligncenter has-alpha-channel-opacity\"\/>\n\n\n\n<p>La <strong>Federaci\u00f3n Argentina de Empleados de Comercio y Servicios<\/strong> (FAECYS) -el gremio con m\u00e1s afiliados del pa\u00eds- junto a la C\u00e1mara Argentina de Comercio (CAC), la Confederaci\u00f3n de la Mediana Empresa (CAME) y la Uni\u00f3n de Entidades Comerciales (Udeca), <strong>firmaron un acuerdo paritario por junio, julio y agosto<\/strong> en el que se alcanz\u00f3 un <strong>sueldo b\u00e1sico de $ 858.200 para los empleados de comercio, con presentismo.<\/strong><\/p>\n\n\n\n<p><\/p>\n\n\n\n<p>El incremento acordado es de un total del 13,5% para el trimestre y se compone de una suba del 5% para junio, un 4,5% para julio y un 4% para agosto.<\/p>\n\n\n\n<p><\/p>\n\n\n\n<blockquote class=\"wp-block-quote is-layout-flow wp-block-quote-is-layout-flow\">\n<p>Tras el acuerdo Armando Cavalieri, secretario general de FAECYS, destac\u00f3: \u201cEs fundamental mantener un monitoreo constante de la situaci\u00f3n econ\u00f3mica y del empleo para garantizar que los ajustes salariales sigan siendo efectivos y que no se vean superados por la inflaci\u00f3n. Nuestra prioridad es proteger los ingresos de los trabajadores y asegurar estabilidad en el sector\u201d.<\/p>\n<\/blockquote>\n\n\n\n<p><\/p>\n\n\n\n<p>Adem\u00e1s, agreg\u00f3 que \u201cseguimos atentos a la din\u00e1mica del mercado laboral y vemos con preocupaci\u00f3n el incremento de la desocupaci\u00f3n que est\u00e1 empezando a reflejarse en algunos indicadores, si bien es cierto que venimos de un nivel de empleo hist\u00f3ricamente bajo. Este acuerdo es un paso importante para asegurar el poder adquisitivo de nuestros trabajadores en un contexto econ\u00f3mico complejo\u201d.<\/p>\n\n\n\n<p><\/p>\n\n\n\n<p>El acuerdo salarial corresponde a la paritaria de Comercio de este a\u00f1o, que va de marzo 2024 a abril 2025.<\/p>\n\n\n\n<p><\/p>\n\n\n\n<p class=\"has-medium-font-size\"><strong>El primer trimestre<\/strong><\/p>\n\n\n\n<p>En el inicio de 2024, el gremio conducido por Cavallieri hab\u00eda alcanzado otro acuerdo, manteniendo esa din\u00e1mica de negociaci\u00f3n de corto plazo, en funci\u00f3n de la evoluci\u00f3n del \u00cdndice de Precios al Consumidor (IPC) que mide mes a mes el INDEC.<\/p>\n\n\n\n<p><\/p>\n\n\n\n<p>En aquella oportunidad, los empleados de comercio recibieron una suma fija de $ 40.0000 correspondiente al mes de marzo y un aumento del 8% por abril y otro del 7% por mayo. As\u00ed, el sueldo b\u00e1sico alcanz\u00f3 m\u00e1s de $ 756.000, siempre teniendo en cuenta que el monto incluye el presentismo.<\/p>\n\n\n\n<p><\/p>\n\n\n\n<p>FAECYS <strong>es el gremio m\u00e1s numeroso del pa\u00eds, con m\u00e1s de 1,2 millones de afiliados.<\/strong> El resultado de su negociaci\u00f3n paritaria suele ser una referencia para otros sectores.<\/p>\n\n\n\n<p><\/p>\n\n\n\n<p><em>Fuente: DIB<\/em><\/p>\n","protected":false},"excerpt":{"rendered":"<p>Lo logr\u00f3 FAECYS, el gremio m\u00e1s grande del pa\u00eds con 1,2 millones de afiliados, junto a las c\u00e1maras de comercio.<\/p>\n","protected":false},"author":6,"featured_media":109484,"comment_status":"closed","ping_status":"closed","sticky":false,"template":"","format":"standard","meta":{"_jetpack_memberships_contains_paid_content":false,"footnotes":""},"categories":[6,1],"tags":[],"class_list":["post-119569","post","type-post","status-publish","format-standard","has-post-thumbnail","hentry","category-nacionales","category-portada"],"jetpack_featured_media_url":"https:\/\/i0.wp.com\/cdnoticias.com\/wp-content\/uploads\/2024\/02\/empleados-comercio-portadajpg.webp?fit=770%2C433&ssl=1","jetpack_sharing_enabled":true,"_links":{"self":[{"href":"https:\/\/cdnoticias.com\/index.php\/wp-json\/wp\/v2\/posts\/119569","targetHints":{"allow":["GET"]}}],"collection":[{"href":"https:\/\/cdnoticias.com\/index.php\/wp-json\/wp\/v2\/posts"}],"about":[{"href":"https:\/\/cdnoticias.com\/index.php\/wp-json\/wp\/v2\/types\/post"}],"author":[{"embeddable":true,"href":"https:\/\/cdnoticias.com\/index.php\/wp-json\/wp\/v2\/users\/6"}],"replies":[{"embeddable":true,"href":"https:\/\/cdnoticias.com\/index.php\/wp-json\/wp\/v2\/comments?post=119569"}],"version-history":[{"count":0,"href":"https:\/\/cdnoticias.com\/index.php\/wp-json\/wp\/v2\/posts\/119569\/revisions"}],"wp:featuredmedia":[{"embeddable":true,"href":"https:\/\/cdnoticias.com\/index.php\/wp-json\/wp\/v2\/media\/109484"}],"wp:attachment":[{"href":"https:\/\/cdnoticias.com\/index.php\/wp-json\/wp\/v2\/media?parent=119569"}],"wp:term":[{"taxonomy":"category","embeddable":true,"href":"https:\/\/cdnoticias.com\/index.php\/wp-json\/wp\/v2\/categories?post=119569"},{"taxonomy":"post_tag","embeddable":true,"href":"https:\/\/cdnoticias.com\/index.php\/wp-json\/wp\/v2\/tags?post=119569"}],"curies":[{"name":"wp","href":"https:\/\/api.w.org\/{rel}","templated":true}]}}