{"id":119566,"date":"2024-06-30T11:30:13","date_gmt":"2024-06-30T14:30:13","guid":{"rendered":"https:\/\/cdnoticias.com\/?p=119566"},"modified":"2024-06-30T16:55:37","modified_gmt":"2024-06-30T19:55:37","slug":"ocasiono-disturbios-en-la-via-publica-y-fue-detenido","status":"publish","type":"post","link":"https:\/\/cdnoticias.com\/index.php\/2024\/06\/30\/ocasiono-disturbios-en-la-via-publica-y-fue-detenido\/","title":{"rendered":"Ocasion\u00f3 disturbios en la v\u00eda p\u00fablica y fue detenido"},"content":{"rendered":"\n<p>El hecho ocurri\u00f3 en el bar \u201cBrandi\u201d este s\u00e1bado por la noche. El joven se encontraba en estado de ebriedad e incitaba a la pelea.<\/p>\n\n\n\n<hr class=\"wp-block-separator aligncenter has-alpha-channel-opacity\"\/>\n\n\n\n<p>Este s\u00e1bado por la noche, <strong>efectivos policiales <\/strong>de Comisar\u00eda Primera <strong>detuvieron a un joven de 21 a\u00f1os<\/strong> que <strong>ocasion\u00f3 disturbios en la v\u00eda p\u00fablica.<\/strong><\/p>\n\n\n\n<p><\/p>\n\n\n\n<p>El hecho ocurri\u00f3 en <strong>Coronel Su\u00e1rez 2256<\/strong>, espec\u00edficamente<strong> en el bar \u201cBrandi\u201d<\/strong>. El joven se encontraba en<strong> <\/strong>estado de ebriedad e incitaba a la pelea.<\/p>\n\n\n\n<p><\/p>\n\n\n\n<p>El detenido fue alojado en Comisar\u00eda Primera. El hecho se caratul\u00f3 como \u201c<em>Infracci\u00f3n Articulo 72 y 74 inc. A y 35 de la Ley 8031\/73\u201d.<\/em><\/p>\n","protected":false},"excerpt":{"rendered":"<p>El hecho ocurri\u00f3 en el bar \u201cBrandi\u201d este s\u00e1bado por la noche. El joven se encontraba en estado de ebriedad<\/p>\n","protected":false},"author":6,"featured_media":119568,"comment_status":"closed","ping_status":"closed","sticky":false,"template":"","format":"standard","meta":{"_jetpack_memberships_contains_paid_content":false,"footnotes":""},"categories":[14,1],"tags":[],"class_list":["post-119566","post","type-post","status-publish","format-standard","has-post-thumbnail","hentry","category-policiales","category-portada"],"jetpack_featured_media_url":"https:\/\/i0.wp.com\/cdnoticias.com\/wp-content\/uploads\/2024\/06\/brandi-disturbios.jpeg?fit=664%2C359&ssl=1","jetpack_sharing_enabled":true,"_links":{"self":[{"href":"https:\/\/cdnoticias.com\/index.php\/wp-json\/wp\/v2\/posts\/119566","targetHints":{"allow":["GET"]}}],"collection":[{"href":"https:\/\/cdnoticias.com\/index.php\/wp-json\/wp\/v2\/posts"}],"about":[{"href":"https:\/\/cdnoticias.com\/index.php\/wp-json\/wp\/v2\/types\/post"}],"author":[{"embeddable":true,"href":"https:\/\/cdnoticias.com\/index.php\/wp-json\/wp\/v2\/users\/6"}],"replies":[{"embeddable":true,"href":"https:\/\/cdnoticias.com\/index.php\/wp-json\/wp\/v2\/comments?post=119566"}],"version-history":[{"count":0,"href":"https:\/\/cdnoticias.com\/index.php\/wp-json\/wp\/v2\/posts\/119566\/revisions"}],"wp:featuredmedia":[{"embeddable":true,"href":"https:\/\/cdnoticias.com\/index.php\/wp-json\/wp\/v2\/media\/119568"}],"wp:attachment":[{"href":"https:\/\/cdnoticias.com\/index.php\/wp-json\/wp\/v2\/media?parent=119566"}],"wp:term":[{"taxonomy":"category","embeddable":true,"href":"https:\/\/cdnoticias.com\/index.php\/wp-json\/wp\/v2\/categories?post=119566"},{"taxonomy":"post_tag","embeddable":true,"href":"https:\/\/cdnoticias.com\/index.php\/wp-json\/wp\/v2\/tags?post=119566"}],"curies":[{"name":"wp","href":"https:\/\/api.w.org\/{rel}","templated":true}]}}