{"id":119557,"date":"2024-06-30T18:48:54","date_gmt":"2024-06-30T21:48:54","guid":{"rendered":"https:\/\/cdnoticias.com\/?p=119557"},"modified":"2024-06-30T18:48:56","modified_gmt":"2024-06-30T21:48:56","slug":"la-lista-verde-de-coopelectric-inauguro-su-sede-nos-vamos-a-poder-presentar-a-las-elecciones","status":"publish","type":"post","link":"https:\/\/cdnoticias.com\/index.php\/2024\/06\/30\/la-lista-verde-de-coopelectric-inauguro-su-sede-nos-vamos-a-poder-presentar-a-las-elecciones\/","title":{"rendered":"La Lista Verde de Coopelectric inaugur\u00f3 su sede: \u201cNos vamos a poder presentar a las elecciones\u201d"},"content":{"rendered":"\n<p>Fue este s\u00e1bado por la tarde en Moreno 3261. Con gran participaci\u00f3n, destacaron los objetivos logrados y los pr\u00f3ximos pasos para participar del acto electoral.<\/p>\n\n\n\n<hr class=\"wp-block-separator aligncenter has-alpha-channel-opacity\"\/>\n\n\n\n<p>Este s\u00e1bado por la tarde,<strong> se inaugur\u00f3 la sede de la Lista Verde de Coopelectric en Moreno 3261,<\/strong> con gran participaci\u00f3n de p\u00fablico. Hicieron hincapi\u00e9 en la <strong>intenci\u00f3n de competir en las elecciones<\/strong> de la cooperativa y mostraron<strong> confianza en las actividades que llevan adelante para difundir las propuestas<\/strong> de la agrupaci\u00f3n.<\/p>\n\n\n\n<p><\/p>\n\n\n\n<p>Integrantes de la Lista destacaron que tienen &#8220;todo lo que se requiere&#8221; para participar de las elecciones y el referente de la agrupaci\u00f3n,<strong> Luis Cavalli <\/strong>expres\u00f3 que \u201c<strong>la Lista Verde ha logrado tener la cantidad de avalistas y candidatos, as\u00ed que nos vamos a poder presentar a las elecciones&#8221;.<\/strong><\/p>\n\n\n\n<figure class=\"wp-block-image size-full\"><img data-recalc-dims=\"1\" loading=\"lazy\" decoding=\"async\" width=\"800\" height=\"450\" src=\"https:\/\/i0.wp.com\/cdnoticias.com\/wp-content\/uploads\/2024\/06\/lista-verde-de-coopelectric-00.jpg?resize=800%2C450&#038;ssl=1\" alt=\"\" class=\"wp-image-119588\" srcset=\"https:\/\/i0.wp.com\/cdnoticias.com\/wp-content\/uploads\/2024\/06\/lista-verde-de-coopelectric-00.jpg?w=1000&amp;ssl=1 1000w, https:\/\/i0.wp.com\/cdnoticias.com\/wp-content\/uploads\/2024\/06\/lista-verde-de-coopelectric-00.jpg?resize=300%2C169&amp;ssl=1 300w, https:\/\/i0.wp.com\/cdnoticias.com\/wp-content\/uploads\/2024\/06\/lista-verde-de-coopelectric-00.jpg?resize=768%2C432&amp;ssl=1 768w\" sizes=\"auto, (max-width: 800px) 100vw, 800px\" \/><\/figure>\n\n\n\n<p><\/p>\n\n\n\n<blockquote class=\"wp-block-quote is-layout-flow wp-block-quote-is-layout-flow\">\n<p>Asimismo, puso en valor los objetivos logrados como \u201cla campa\u00f1a de junta de firmas para la devoluci\u00f3n de fondos cobrados por la contribuci\u00f3n por acciones en las facturas de luz y poner mesas informativas en distintos lugares\u201d.<\/p>\n<\/blockquote>\n\n\n\n<p><\/p>\n\n\n\n<p><strong><em>&#8220;Ha sido muy bueno para el n\u00famero impactante de firmas que vamos a presentar y tambi\u00e9n para darnos visibilidad\u201d <\/em><\/strong>sostuvo Cavalli.<\/p>\n\n\n\n<figure class=\"wp-block-image size-full\"><img data-recalc-dims=\"1\" loading=\"lazy\" decoding=\"async\" width=\"800\" height=\"450\" src=\"https:\/\/i0.wp.com\/cdnoticias.com\/wp-content\/uploads\/2024\/06\/lista-verde-de-coopelectric-02.jpg?resize=800%2C450&#038;ssl=1\" alt=\"\" class=\"wp-image-119590\" srcset=\"https:\/\/i0.wp.com\/cdnoticias.com\/wp-content\/uploads\/2024\/06\/lista-verde-de-coopelectric-02.jpg?w=1000&amp;ssl=1 1000w, https:\/\/i0.wp.com\/cdnoticias.com\/wp-content\/uploads\/2024\/06\/lista-verde-de-coopelectric-02.jpg?resize=300%2C169&amp;ssl=1 300w, https:\/\/i0.wp.com\/cdnoticias.com\/wp-content\/uploads\/2024\/06\/lista-verde-de-coopelectric-02.jpg?resize=768%2C432&amp;ssl=1 768w\" sizes=\"auto, (max-width: 800px) 100vw, 800px\" \/><\/figure>\n\n\n\n<p><\/p>\n\n\n\n<p>Adem\u00e1s, hablaron distintos referentes de las actividades de campa\u00f1a y adelantaron que <strong>durante julio intensificar\u00e1n las estrategias y medidas para informar a los usuarios de las elecciones<\/strong> as\u00ed como captar votos para la Lista Verde.<\/p>\n\n\n\n<p><\/p>\n\n\n\n<p>Cabe aclarar que<strong> a\u00fan no se anunci\u00f3 la fecha del acto electoral <\/strong>en el que se elegir\u00e1 el nuevo cuerpo de delegados, que debe ser convocada por las autoridades de Coopelectric. Anualmente se disponen para el mes de agosto.<\/p>\n\n\n\n<p><\/p>\n","protected":false},"excerpt":{"rendered":"<p>Fue este s\u00e1bado por la tarde en Moreno 3261. Con gran participaci\u00f3n, destacaron los objetivos logrados y los pr\u00f3ximos pasos<\/p>\n","protected":false},"author":6,"featured_media":119589,"comment_status":"closed","ping_status":"closed","sticky":false,"template":"","format":"standard","meta":{"_jetpack_memberships_contains_paid_content":false,"footnotes":""},"categories":[4,1],"tags":[],"class_list":["post-119557","post","type-post","status-publish","format-standard","has-post-thumbnail","hentry","category-politica","category-portada"],"jetpack_featured_media_url":"https:\/\/i0.wp.com\/cdnoticias.com\/wp-content\/uploads\/2024\/06\/lista-verde-de-coopelectric-01.jpg?fit=1000%2C563&ssl=1","jetpack_sharing_enabled":true,"_links":{"self":[{"href":"https:\/\/cdnoticias.com\/index.php\/wp-json\/wp\/v2\/posts\/119557","targetHints":{"allow":["GET"]}}],"collection":[{"href":"https:\/\/cdnoticias.com\/index.php\/wp-json\/wp\/v2\/posts"}],"about":[{"href":"https:\/\/cdnoticias.com\/index.php\/wp-json\/wp\/v2\/types\/post"}],"author":[{"embeddable":true,"href":"https:\/\/cdnoticias.com\/index.php\/wp-json\/wp\/v2\/users\/6"}],"replies":[{"embeddable":true,"href":"https:\/\/cdnoticias.com\/index.php\/wp-json\/wp\/v2\/comments?post=119557"}],"version-history":[{"count":0,"href":"https:\/\/cdnoticias.com\/index.php\/wp-json\/wp\/v2\/posts\/119557\/revisions"}],"wp:featuredmedia":[{"embeddable":true,"href":"https:\/\/cdnoticias.com\/index.php\/wp-json\/wp\/v2\/media\/119589"}],"wp:attachment":[{"href":"https:\/\/cdnoticias.com\/index.php\/wp-json\/wp\/v2\/media?parent=119557"}],"wp:term":[{"taxonomy":"category","embeddable":true,"href":"https:\/\/cdnoticias.com\/index.php\/wp-json\/wp\/v2\/categories?post=119557"},{"taxonomy":"post_tag","embeddable":true,"href":"https:\/\/cdnoticias.com\/index.php\/wp-json\/wp\/v2\/tags?post=119557"}],"curies":[{"name":"wp","href":"https:\/\/api.w.org\/{rel}","templated":true}]}}