{"id":119549,"date":"2024-06-30T09:26:59","date_gmt":"2024-06-30T12:26:59","guid":{"rendered":"https:\/\/cdnoticias.com\/?p=119549"},"modified":"2024-06-30T09:27:02","modified_gmt":"2024-06-30T12:27:02","slug":"olga-alicia-rivas-olguita-q-e-p-d","status":"publish","type":"post","link":"https:\/\/cdnoticias.com\/index.php\/2024\/06\/30\/olga-alicia-rivas-olguita-q-e-p-d\/","title":{"rendered":"Olga Alicia Rivas \u201cOlguita\u201d (Q.E.P.D.)"},"content":{"rendered":"\n<p>Falleci\u00f3 en Hinojo el 29 de junio de 2024 a los 72 a\u00f1os.<\/p>\n\n\n\n<p>Sus hijos Rub\u00e9n Gabriel, N\u00e9stor Oscar, Silvana Graciela, Jorge Dar\u00edo, Sofia Beatriz y Silvia Lorena Ter\u00e1n. Sus hijos pol\u00edticos Marta Larraz, Juan Marcos Piras, Pablo Vespaciano, Gustavo Calder\u00f3n, Estela Becker y Malvina Cejas. Sus nietos Gabriel, Ignacio, Leonela y Mat\u00edas Ter\u00e1n; Maite Magali Garc\u00eda, Mar\u00eda de los \u00c1ngeles Garc\u00eda; Natanael Ter\u00e1n, Nazareno Ter\u00e1n,&nbsp; Agustina Insaurralde, Estefan\u00eda Scole, Fernando Insaurralde, Braian, Milagros, Agust\u00edn, Alina, Mateo, Natali y Pablito Vespaciano; Jazm\u00edn, Franco y Ainara. Sus nietos pol\u00edticos. Sus bisnietos. Sus hermanos Norma, Juana, Mar\u00eda Esther, Mirta, Fabian e Irma Rivas. Sus hermanos pol\u00edticos. Sus sobrinos y dem\u00e1s deudos participan de su fallecimiento.<\/p>\n\n\n\n<p>Velatorio: Espa\u00f1a 2942 departamento &#8220;C&#8221; 30 de junio de 2024 a las 09:00 horas. Responso: Capilla Ardiente. Inhumaci\u00f3n: Cementerio Municipal de Hinojo, domingo 30 a las 11:30 horas. Servicio adherido a Coopelectric.<\/p>\n\n\n\n<p>Barrio en el que viv\u00eda: Vecina de Hinojo<\/p>\n\n\n\n<p>Lugar de nacimiento: Olavarr\u00eda<\/p>\n\n\n\n<p>Actividad que desarrollaba: Jubilada<\/p>\n","protected":false},"excerpt":{"rendered":"<p>Falleci\u00f3 en Hinojo el 29 de junio de 2024 a los 72 a\u00f1os. Sus hijos Rub\u00e9n Gabriel, N\u00e9stor Oscar, Silvana<\/p>\n","protected":false},"author":6,"featured_media":67646,"comment_status":"closed","ping_status":"closed","sticky":false,"template":"","format":"standard","meta":{"_jetpack_memberships_contains_paid_content":false,"footnotes":""},"categories":[10],"tags":[],"class_list":["post-119549","post","type-post","status-publish","format-standard","has-post-thumbnail","hentry","category-necrologicas"],"jetpack_featured_media_url":"https:\/\/i0.wp.com\/cdnoticias.com\/wp-content\/uploads\/2022\/10\/necrologicas-390-x-240.jpg?fit=390%2C240&ssl=1","jetpack_sharing_enabled":true,"_links":{"self":[{"href":"https:\/\/cdnoticias.com\/index.php\/wp-json\/wp\/v2\/posts\/119549","targetHints":{"allow":["GET"]}}],"collection":[{"href":"https:\/\/cdnoticias.com\/index.php\/wp-json\/wp\/v2\/posts"}],"about":[{"href":"https:\/\/cdnoticias.com\/index.php\/wp-json\/wp\/v2\/types\/post"}],"author":[{"embeddable":true,"href":"https:\/\/cdnoticias.com\/index.php\/wp-json\/wp\/v2\/users\/6"}],"replies":[{"embeddable":true,"href":"https:\/\/cdnoticias.com\/index.php\/wp-json\/wp\/v2\/comments?post=119549"}],"version-history":[{"count":0,"href":"https:\/\/cdnoticias.com\/index.php\/wp-json\/wp\/v2\/posts\/119549\/revisions"}],"wp:featuredmedia":[{"embeddable":true,"href":"https:\/\/cdnoticias.com\/index.php\/wp-json\/wp\/v2\/media\/67646"}],"wp:attachment":[{"href":"https:\/\/cdnoticias.com\/index.php\/wp-json\/wp\/v2\/media?parent=119549"}],"wp:term":[{"taxonomy":"category","embeddable":true,"href":"https:\/\/cdnoticias.com\/index.php\/wp-json\/wp\/v2\/categories?post=119549"},{"taxonomy":"post_tag","embeddable":true,"href":"https:\/\/cdnoticias.com\/index.php\/wp-json\/wp\/v2\/tags?post=119549"}],"curies":[{"name":"wp","href":"https:\/\/api.w.org\/{rel}","templated":true}]}}