{"id":119533,"date":"2024-06-29T19:00:04","date_gmt":"2024-06-29T22:00:04","guid":{"rendered":"https:\/\/cdnoticias.com\/?p=119533"},"modified":"2024-06-29T19:00:06","modified_gmt":"2024-06-29T22:00:06","slug":"desarrollo-economico-se-podra-validar-la-identidad-digital-de-mi-argentina","status":"publish","type":"post","link":"https:\/\/cdnoticias.com\/index.php\/2024\/06\/29\/desarrollo-economico-se-podra-validar-la-identidad-digital-de-mi-argentina\/","title":{"rendered":"Desarrollo Econ\u00f3mico: Se podr\u00e1 validar la identidad digital de \u201cMi Argentina\u201d"},"content":{"rendered":"\n<p>Ser\u00e1 a partir del 1\u00b0 de julio de forma presencial en la sede ubicada sobre Moreno 2765.<\/p>\n\n\n\n<hr class=\"wp-block-separator aligncenter has-alpha-channel-opacity\"\/>\n\n\n\n<p>A partir del <strong>1\u00b0 de julio<\/strong> el tr\u00e1mite de <strong>validaci\u00f3n de la identidad digital <\/strong>en la <strong>aplicaci\u00f3n de \u201cMi Argentina<\/strong>\u201d podr\u00e1 <strong>tramitarse de forma presencial en la sede de la Secretar\u00eda de Desarrollo Econ\u00f3mico y Productivo<\/strong>, ubicada sobre Moreno 2765.<\/p>\n\n\n\n<p><\/p>\n\n\n\n<blockquote class=\"wp-block-quote is-layout-flow wp-block-quote-is-layout-flow\">\n<p>Desde el \u00e1rea se detall\u00f3 que personas interesadas podr\u00e1n gestionarlo de lunes a viernes, en el horario de 8 a 12.<\/p>\n<\/blockquote>\n\n\n\n<p><\/p>\n\n\n\n<p>Actualmente, el tr\u00e1mite se realiza en la sede de Punto Digital, situada en el Museo de Ciencias.<\/p>\n\n\n\n<p><\/p>\n\n\n\n<p class=\"has-medium-font-size\"><strong>Para qu\u00e9 sirve Mi Argentina<\/strong><\/p>\n\n\n\n<p>Mi Argentina es el perfil digital ciudadano para <strong>gestionar tr\u00e1mites, sacar turnos, acceder a credenciales digitales<\/strong> tales como: DNI, Licencia Nacional de Conducir, C\u00e9dula Verde del Automotor, Seguro del automotor, Certificado de vacunaci\u00f3n COVID-19, Certificado \u00danico de Discapacidad, S\u00edmbolo Internacional de Acceso.<\/p>\n\n\n\n<p><\/p>\n\n\n\n<blockquote class=\"wp-block-quote is-layout-flow wp-block-quote-is-layout-flow\">\n<p>La aplicaci\u00f3n permite adem\u00e1s recibir informaci\u00f3n personalizada y puede ser utilizada desde un navegador web o descargarla en dispositivos m\u00f3viles.<\/p>\n<\/blockquote>\n\n\n\n<p><\/p>\n\n\n\n<p class=\"has-medium-font-size\"><strong>Paso a paso para validar tu identidad de Mi Argentina<\/strong><\/p>\n\n\n\n<p>Para crear tu cuenta deber\u00e1s ingresar a <strong>Mi Argentina<\/strong> y seguir los pasos.<\/p>\n\n\n\n<p><\/p>\n\n\n\n<p>Necesitar\u00e1s los siguientes datos: <strong>tu CUIL, un correo electr\u00f3nico que uses habitualmente y crear una contrase\u00f1a de al menos 8 caracteres.<\/strong><\/p>\n\n\n\n<p><\/p>\n\n\n\n<p>Podes <strong>validar tu identidad de dos maneras<\/strong>: Desde la aplicaci\u00f3n Mi Argentina, a trav\u00e9s del Sistema de identidad digital (biom\u00e9trico) o en forma presencial en la Secretar\u00eda de Desarrollo Econ\u00f3mico y Productivo, desde el pr\u00f3ximo 1 de julio. <strong>Record\u00e1 llevar \u00faltimo ejemplar de DNI y CUD vigente, en caso de solicitud del S\u00edmbolo.<\/strong><\/p>\n\n\n\n<p><\/p>\n\n\n\n<p>Si no record\u00e1s la contrase\u00f1a de tu cuenta, podes recuperarla ingresando el correo electr\u00f3nico que usaste para registrarte para que te env\u00eden las instrucciones y puedas generar una nueva.<\/p>\n\n\n\n<p><\/p>\n\n\n\n<p class=\"has-medium-font-size\"><strong>Qu\u00e9 es el S\u00edmbolo Internacional de Acceso digital y c\u00f3mo obtenerlo<\/strong><\/p>\n\n\n\n<p><\/p>\n\n\n\n<p>Si sos mayor de 18 a\u00f1os y ten\u00e9s un <strong>Certificado \u00danico de Discapacidad<\/strong> (CUD), pod\u00e9s tramitar de forma digital tu <strong>S\u00edmbolo Internacional de Acceso<\/strong> a trav\u00e9s de Mi Argentina. Es un documento que identifica al veh\u00edculo en el que viaja una persona con discapacidad.<\/p>\n\n\n\n<p><\/p>\n\n\n\n<p>La herramienta le da derecho a transitar y estacionar libremente conforme a las normas de tr\u00e1nsito de cada municipio. Una vez realizado el tr\u00e1mite vas a encontrar tu S\u00edmbolo digital en Mis documentos. Pod\u00e9s imprimirlo y pegarlo en el parabrisas del veh\u00edculo.<\/p>\n","protected":false},"excerpt":{"rendered":"<p>Ser\u00e1 a partir del 1\u00b0 de julio de forma presencial en la sede ubicada sobre Moreno 2765. A partir del<\/p>\n","protected":false},"author":6,"featured_media":119534,"comment_status":"closed","ping_status":"closed","sticky":false,"template":"","format":"standard","meta":{"_jetpack_memberships_contains_paid_content":false,"footnotes":""},"categories":[5,1],"tags":[],"class_list":["post-119533","post","type-post","status-publish","format-standard","has-post-thumbnail","hentry","category-informacion-general","category-portada"],"jetpack_featured_media_url":"https:\/\/i0.wp.com\/cdnoticias.com\/wp-content\/uploads\/2024\/06\/mi-argentina-app.png?fit=854%2C508&ssl=1","jetpack_sharing_enabled":true,"_links":{"self":[{"href":"https:\/\/cdnoticias.com\/index.php\/wp-json\/wp\/v2\/posts\/119533","targetHints":{"allow":["GET"]}}],"collection":[{"href":"https:\/\/cdnoticias.com\/index.php\/wp-json\/wp\/v2\/posts"}],"about":[{"href":"https:\/\/cdnoticias.com\/index.php\/wp-json\/wp\/v2\/types\/post"}],"author":[{"embeddable":true,"href":"https:\/\/cdnoticias.com\/index.php\/wp-json\/wp\/v2\/users\/6"}],"replies":[{"embeddable":true,"href":"https:\/\/cdnoticias.com\/index.php\/wp-json\/wp\/v2\/comments?post=119533"}],"version-history":[{"count":0,"href":"https:\/\/cdnoticias.com\/index.php\/wp-json\/wp\/v2\/posts\/119533\/revisions"}],"wp:featuredmedia":[{"embeddable":true,"href":"https:\/\/cdnoticias.com\/index.php\/wp-json\/wp\/v2\/media\/119534"}],"wp:attachment":[{"href":"https:\/\/cdnoticias.com\/index.php\/wp-json\/wp\/v2\/media?parent=119533"}],"wp:term":[{"taxonomy":"category","embeddable":true,"href":"https:\/\/cdnoticias.com\/index.php\/wp-json\/wp\/v2\/categories?post=119533"},{"taxonomy":"post_tag","embeddable":true,"href":"https:\/\/cdnoticias.com\/index.php\/wp-json\/wp\/v2\/tags?post=119533"}],"curies":[{"name":"wp","href":"https:\/\/api.w.org\/{rel}","templated":true}]}}