{"id":119527,"date":"2024-06-29T17:00:31","date_gmt":"2024-06-29T20:00:31","guid":{"rendered":"https:\/\/cdnoticias.com\/?p=119527"},"modified":"2024-06-30T09:30:36","modified_gmt":"2024-06-30T12:30:36","slug":"comenzaron-a-pintarse-las-sendas-peatonales-frente-a-la-escuela-comercio","status":"publish","type":"post","link":"https:\/\/cdnoticias.com\/index.php\/2024\/06\/29\/comenzaron-a-pintarse-las-sendas-peatonales-frente-a-la-escuela-comercio\/","title":{"rendered":"Comenzaron a pintarse las sendas peatonales frente a la Escuela Comercio"},"content":{"rendered":"\n<p>Este viernes, concejales de Uni\u00f3n por la Patria y funcionarios municipales de Protecci\u00f3n Ciudadana entregaron la resoluci\u00f3n aprobada a partir del proyecto de estudiantes de la Escuela Comercio.<\/p>\n\n\n\n<hr class=\"wp-block-separator aligncenter has-alpha-channel-opacity\"\/>\n\n\n\n<p>Este viernes por la tarde, <strong>concejales de Uni\u00f3n por la Patria y funcionarios municipales de Protecci\u00f3n Ciudadana<\/strong> <strong>entregaron la resoluci\u00f3n aprobada<\/strong> a partir de un <strong>proyecto de estudiantes de la Escuela Comercio.<\/strong><\/p>\n\n\n\n<p><\/p>\n\n\n\n<p>Visitaron la escuela los concejales Federico Aguilera, Bel\u00e9n Abraham, Telma Cazot y Hern\u00e1n Quiroga, junto al coordinador Administrativo de la Subsecretar\u00eda de Protecci\u00f3n Ciudadana, Pablo Luis Maccarini, y el director de Control Urbano, Cristian Sautupara. <\/p>\n\n\n\n<p><\/p>\n\n\n\n<p>En simult\u00e1neo, el Ejecutivo Municipal comenz\u00f3 a dar cumplimiento a la misma, con el <strong>pintado de las sendas peatonales y colocaci\u00f3n de se\u00f1al\u00e9tica vial en los cruces <\/strong>que rodean a la instituci\u00f3n.<\/p>\n\n\n\n<p><\/p>\n\n\n\n<blockquote class=\"wp-block-quote is-layout-flow wp-block-quote-is-layout-flow\">\n<p>En 2023, la concejal estudiantil Josefina Rodr\u00edguez present\u00f3 un proyecto de resoluci\u00f3n solicitando medidas de seguridad vial en las inmediaciones del edificio donde funcionan las escuelas secundarias Comercio y Nacional.<\/p>\n<\/blockquote>\n\n\n\n<p><\/p>\n\n\n\n<figure class=\"wp-block-image aligncenter size-full\"><img data-recalc-dims=\"1\" loading=\"lazy\" decoding=\"async\" width=\"800\" height=\"460\" src=\"https:\/\/i0.wp.com\/cdnoticias.com\/wp-content\/uploads\/2024\/06\/sendaspeatonales-escuelacomercio2.png?resize=800%2C460&#038;ssl=1\" alt=\"\" class=\"wp-image-119531\" srcset=\"https:\/\/i0.wp.com\/cdnoticias.com\/wp-content\/uploads\/2024\/06\/sendaspeatonales-escuelacomercio2.png?w=896&amp;ssl=1 896w, https:\/\/i0.wp.com\/cdnoticias.com\/wp-content\/uploads\/2024\/06\/sendaspeatonales-escuelacomercio2.png?resize=300%2C172&amp;ssl=1 300w, https:\/\/i0.wp.com\/cdnoticias.com\/wp-content\/uploads\/2024\/06\/sendaspeatonales-escuelacomercio2.png?resize=768%2C441&amp;ssl=1 768w\" sizes=\"auto, (max-width: 800px) 100vw, 800px\" \/><\/figure>\n\n\n\n<p><\/p>\n\n\n\n<p>La iniciativa fue tratada en comisiones y <strong>sancionada por el Concejo Deliberante<\/strong> en la s\u00e9ptima sesi\u00f3n ordinaria realizada el pasado 13 de junio en el Centro de Exposiciones Municipal de Olavarr\u00eda (CEMO).<\/p>\n\n\n\n<p><\/p>\n\n\n\n<p>Los autores del proyecto pudieron ver c\u00f3mo es el <strong>proceso de pintado de sendas peatonales en la esquina de Lavalle y Roque Saenz Pe\u00f1a,<\/strong> con una pintura especial que debe ser trabajada a una temperatura de 200 grados.<\/p>\n\n\n\n<p><\/p>\n\n\n\n<blockquote class=\"wp-block-quote is-layout-flow wp-block-quote-is-layout-flow\">\n<p>Asimismo, durante la visita, los estudiantes, concejales y funcionarios reflexionaron sobre la seguridad vial, las funciones del Concejo Deliberante y la importancia de involucrarse como ciudadanos para la resoluci\u00f3n de problemas.<\/p>\n<\/blockquote>\n\n\n\n<p><\/p>\n\n\n\n<p>Desde Protecci\u00f3n Ciudadana explicaron que <strong>el lunes se culminar\u00e1 el trabajo de demarcaci\u00f3n de sendas peatonales y la colocaci\u00f3n de carteler\u00eda <\/strong>y advirtieron a los conductores la <strong>obligaci\u00f3n de circular con precauci\u00f3n <\/strong>ante la presencia de una escuela, donde la velocidad m\u00e1xima permitida es de 20 Km\/h.<\/p>\n\n\n\n<p><\/p>\n\n\n\n<figure class=\"wp-block-image aligncenter size-full\"><img data-recalc-dims=\"1\" loading=\"lazy\" decoding=\"async\" width=\"800\" height=\"445\" src=\"https:\/\/i0.wp.com\/cdnoticias.com\/wp-content\/uploads\/2024\/06\/sendaspeatonales-escuelacomercio1.png?resize=800%2C445&#038;ssl=1\" alt=\"\" class=\"wp-image-119530\" srcset=\"https:\/\/i0.wp.com\/cdnoticias.com\/wp-content\/uploads\/2024\/06\/sendaspeatonales-escuelacomercio1.png?w=893&amp;ssl=1 893w, https:\/\/i0.wp.com\/cdnoticias.com\/wp-content\/uploads\/2024\/06\/sendaspeatonales-escuelacomercio1.png?resize=300%2C167&amp;ssl=1 300w, https:\/\/i0.wp.com\/cdnoticias.com\/wp-content\/uploads\/2024\/06\/sendaspeatonales-escuelacomercio1.png?resize=768%2C427&amp;ssl=1 768w, https:\/\/i0.wp.com\/cdnoticias.com\/wp-content\/uploads\/2024\/06\/sendaspeatonales-escuelacomercio1.png?resize=800%2C445&amp;ssl=1 800w\" sizes=\"auto, (max-width: 800px) 100vw, 800px\" \/><\/figure>\n","protected":false},"excerpt":{"rendered":"<p>Este viernes, concejales de Uni\u00f3n por la Patria y funcionarios municipales de Protecci\u00f3n Ciudadana entregaron la resoluci\u00f3n aprobada a partir<\/p>\n","protected":false},"author":6,"featured_media":119529,"comment_status":"closed","ping_status":"closed","sticky":false,"template":"","format":"standard","meta":{"_jetpack_memberships_contains_paid_content":false,"footnotes":""},"categories":[4,1],"tags":[],"class_list":["post-119527","post","type-post","status-publish","format-standard","has-post-thumbnail","hentry","category-politica","category-portada"],"jetpack_featured_media_url":"https:\/\/i0.wp.com\/cdnoticias.com\/wp-content\/uploads\/2024\/06\/sendaspeatonales-escuelacomercio.png?fit=890%2C509&ssl=1","jetpack_sharing_enabled":true,"_links":{"self":[{"href":"https:\/\/cdnoticias.com\/index.php\/wp-json\/wp\/v2\/posts\/119527","targetHints":{"allow":["GET"]}}],"collection":[{"href":"https:\/\/cdnoticias.com\/index.php\/wp-json\/wp\/v2\/posts"}],"about":[{"href":"https:\/\/cdnoticias.com\/index.php\/wp-json\/wp\/v2\/types\/post"}],"author":[{"embeddable":true,"href":"https:\/\/cdnoticias.com\/index.php\/wp-json\/wp\/v2\/users\/6"}],"replies":[{"embeddable":true,"href":"https:\/\/cdnoticias.com\/index.php\/wp-json\/wp\/v2\/comments?post=119527"}],"version-history":[{"count":0,"href":"https:\/\/cdnoticias.com\/index.php\/wp-json\/wp\/v2\/posts\/119527\/revisions"}],"wp:featuredmedia":[{"embeddable":true,"href":"https:\/\/cdnoticias.com\/index.php\/wp-json\/wp\/v2\/media\/119529"}],"wp:attachment":[{"href":"https:\/\/cdnoticias.com\/index.php\/wp-json\/wp\/v2\/media?parent=119527"}],"wp:term":[{"taxonomy":"category","embeddable":true,"href":"https:\/\/cdnoticias.com\/index.php\/wp-json\/wp\/v2\/categories?post=119527"},{"taxonomy":"post_tag","embeddable":true,"href":"https:\/\/cdnoticias.com\/index.php\/wp-json\/wp\/v2\/tags?post=119527"}],"curies":[{"name":"wp","href":"https:\/\/api.w.org\/{rel}","templated":true}]}}