{"id":119510,"date":"2024-06-29T14:00:40","date_gmt":"2024-06-29T17:00:40","guid":{"rendered":"https:\/\/cdnoticias.com\/?p=119510"},"modified":"2024-06-29T14:00:42","modified_gmt":"2024-06-29T17:00:42","slug":"paritarias-provincia-convocara-a-reuniones-formales-la-semana-que-viene","status":"publish","type":"post","link":"https:\/\/cdnoticias.com\/index.php\/2024\/06\/29\/paritarias-provincia-convocara-a-reuniones-formales-la-semana-que-viene\/","title":{"rendered":"Paritarias: Provincia convocar\u00e1 a reuniones formales la semana que viene"},"content":{"rendered":"<p>El ministro de Econom\u00eda, Pablo L\u00f3pez, recibi\u00f3 este viernes a los gremios y alert\u00f3 sobre la dif\u00edcil situaci\u00f3n que atraviesa la Provincia por la crisis nacional y los recortes de Milei.<!--more--><\/p>\n<hr \/>\n<p>El <strong>Gobierno bonaerense<\/strong> recibi\u00f3 este viernes a<strong> representantes gremiales de los distintos sectores de estatales bonaerenses<\/strong>, a quienes les inform\u00f3 sobre la<strong> dif\u00edcil situaci\u00f3n econ\u00f3mica que atraviesa la Provincia<\/strong> en el marco de la crisis nacional y les prometi\u00f3 convocar a reuniones paritarias la semana que viene.<\/p>\n<blockquote><p>El ministro de Econom\u00eda, Pablo L\u00f3pez, junto a otros funcionarios de Axel Kicillof, recibi\u00f3 hoy a representantes sindicales. De una primera reuni\u00f3n participaron los sindicatos de los trabajadores p\u00fablicos enmarcados en la ley 10.430 y otros sectores como los m\u00e9dicos y los judiciales, mientras que en otro encuentro se reuni\u00f3n con los docentes.<\/p><\/blockquote>\n<p>Seg\u00fan pudo saber DIB, en esas reuniones<strong> las autoridades adelantaron que la pr\u00f3xima semana convocar\u00e1n a paritarias formales<\/strong>. En tanto, tambi\u00e9n volvieron a dar cuenta sobre la cr\u00edtica situaci\u00f3n que atraviesa la Provincia en medio de la crisis nacional y de la decisi\u00f3n de Javier Milei de recortarle <a href=\"https:\/\/cdnoticias.com\/index.php\/2024\/06\/11\/la-deuda-asciende-a-mas-de-6-billones-y-son-casi-mil-obras-paralizadas-en-los-135-municipios\/\" target=\"_blank\" rel=\"noopener\">fondos estimados en 6.3 billones.<\/a><\/p>\n<blockquote class=\"twitter-tweet\">\n<p lang=\"es\" dir=\"ltr\">En un contexto de ca\u00edda sostenida y brutal de la actividad y la consecuente ca\u00edda de la recaudaci\u00f3n producto de las pol\u00edticas nacionales, nos reunimos con representantes de todos los gremios provinciales, para dialogar sobre la situaci\u00f3n econ\u00f3mica y fiscal de la Provincia. <a href=\"https:\/\/t.co\/P0p85URbmq\">pic.twitter.com\/P0p85URbmq<\/a><\/p>\n<p>&mdash; Pablo J. L\u00f3pez (@PabloJ_LopezOK) <a href=\"https:\/\/twitter.com\/PabloJ_LopezOK\/status\/1806751192250265863?ref_src=twsrc%5Etfw\">June 28, 2024<\/a><\/p><\/blockquote>\n<p> <script async src=\"https:\/\/platform.twitter.com\/widgets.js\" charset=\"utf-8\"><\/script><\/p>\n<p>Adem\u00e1s, advirtieron sobre la <strong>ca\u00edda en la recaudaci\u00f3n<\/strong> que ahora tambi\u00e9n se ver\u00eda alimentada por la modificaci\u00f3n a los Bienes Personales y por la restituci\u00f3n de Ganancias (que sufrir\u00e1 la clase media y afectar\u00e1 al consumo), aprobadas junto a la Ley Bases.<\/p>\n<p>L\u00f3pez dio cuenta de las reuniones en su cuenta de X. All\u00ed se\u00f1al\u00f3 que<em> \u201cla p\u00e9rdida de recursos tributarios que atraviesa la Provincia producto de la recesi\u00f3n alcanza, s\u00f3lo en el primer semestre, los $1,5 billones\u201d y confirm\u00f3 que \u201ca\u00fan as\u00ed, en los pr\u00f3ximos d\u00edas retomaremos las conversaciones paritarias\u201d<\/em>.<\/p>\n<p>\u201cDesde la Provincia seguiremos haciendo los mayores esfuerzos para sostener todas las fuentes de trabajo, cumplir con nuestras obligaciones, y <strong>mantener una pol\u00edtica salarial que priorice el pago de salarios y aguinaldos<\/strong> a las y los trabajadores, jubilados y pensionados bonaerenses\u201d, agreg\u00f3.<\/p>\n<p>Fuente: <em>Agencia DIB<\/em><\/p>\n","protected":false},"excerpt":{"rendered":"<p>El ministro de Econom\u00eda, Pablo L\u00f3pez, recibi\u00f3 este viernes a los gremios y alert\u00f3 sobre la dif\u00edcil situaci\u00f3n que atraviesa<\/p>\n","protected":false},"author":4,"featured_media":119512,"comment_status":"closed","ping_status":"closed","sticky":false,"template":"","format":"standard","meta":{"_jetpack_memberships_contains_paid_content":false,"footnotes":""},"categories":[6,1],"tags":[],"class_list":["post-119510","post","type-post","status-publish","format-standard","has-post-thumbnail","hentry","category-nacionales","category-portada"],"jetpack_featured_media_url":"https:\/\/i0.wp.com\/cdnoticias.com\/wp-content\/uploads\/2024\/06\/paritarias-bonaerenses-pablo-lopez-00.jpg?fit=1000%2C556&ssl=1","jetpack_sharing_enabled":true,"_links":{"self":[{"href":"https:\/\/cdnoticias.com\/index.php\/wp-json\/wp\/v2\/posts\/119510","targetHints":{"allow":["GET"]}}],"collection":[{"href":"https:\/\/cdnoticias.com\/index.php\/wp-json\/wp\/v2\/posts"}],"about":[{"href":"https:\/\/cdnoticias.com\/index.php\/wp-json\/wp\/v2\/types\/post"}],"author":[{"embeddable":true,"href":"https:\/\/cdnoticias.com\/index.php\/wp-json\/wp\/v2\/users\/4"}],"replies":[{"embeddable":true,"href":"https:\/\/cdnoticias.com\/index.php\/wp-json\/wp\/v2\/comments?post=119510"}],"version-history":[{"count":0,"href":"https:\/\/cdnoticias.com\/index.php\/wp-json\/wp\/v2\/posts\/119510\/revisions"}],"wp:featuredmedia":[{"embeddable":true,"href":"https:\/\/cdnoticias.com\/index.php\/wp-json\/wp\/v2\/media\/119512"}],"wp:attachment":[{"href":"https:\/\/cdnoticias.com\/index.php\/wp-json\/wp\/v2\/media?parent=119510"}],"wp:term":[{"taxonomy":"category","embeddable":true,"href":"https:\/\/cdnoticias.com\/index.php\/wp-json\/wp\/v2\/categories?post=119510"},{"taxonomy":"post_tag","embeddable":true,"href":"https:\/\/cdnoticias.com\/index.php\/wp-json\/wp\/v2\/tags?post=119510"}],"curies":[{"name":"wp","href":"https:\/\/api.w.org\/{rel}","templated":true}]}}