{"id":119504,"date":"2024-06-29T10:46:47","date_gmt":"2024-06-29T13:46:47","guid":{"rendered":"https:\/\/cdnoticias.com\/?p=119504"},"modified":"2024-06-29T17:01:14","modified_gmt":"2024-06-29T20:01:14","slug":"frio-en-olavarria-alerta-amarillo-por-temperatura-extrema","status":"publish","type":"post","link":"https:\/\/cdnoticias.com\/index.php\/2024\/06\/29\/frio-en-olavarria-alerta-amarillo-por-temperatura-extrema\/","title":{"rendered":"Fr\u00edo en Olavarr\u00eda: alerta amarillo por temperatura extrema"},"content":{"rendered":"<p>El Servicio Meteorol\u00f3gico Nacional emiti\u00f3 un alerta que abarca a casi toda la provincia de Buenos Aires y a gran parte del pa\u00eds. En Olavarr\u00eda, la m\u00ednima del d\u00eda fue -1,5\u00ba a las 7.30 del s\u00e1bado.<!--more--><\/p>\n<hr \/>\n<p>El <strong>Servicio Meteorol\u00f3gico Nacional<\/strong> emiti\u00f3 un <strong>alerta por temperatura extrema por el fr\u00edo<\/strong> que abarca a <strong>casi toda la provincia de Buenos Aires en nivel amarillo<\/strong>.<\/p>\n<blockquote><p>De esa manera, Olavarr\u00eda est\u00e1 en alerta por las bajas marcas t\u00e9rmicas. La Estaci\u00f3n Meteorol\u00f3gica Local inform\u00f3 que la m\u00ednima del d\u00eda fue -1,5\u00ba a las 7.30 del s\u00e1bado. A las 10 de este s\u00e1bado la temperatura lleg\u00f3 a 2,4\u00ba y sensaci\u00f3n t\u00e9rmica era de -3,6\u00ba.<\/p><\/blockquote>\n<blockquote class=\"twitter-tweet\">\n<p dir=\"ltr\" lang=\"es\">\u26a0 SAT | ALERTAS <a href=\"https:\/\/twitter.com\/hashtag\/SiHayAlertaEstateAlerta?src=hash&amp;ref_src=twsrc%5Etfw\">#SiHayAlertaEstateAlerta<\/a><br \/>\nInformaci\u00f3n actualizada el 28 de junio de 2024 a las 18:11 h<br \/>\n\ud83d\udc49M\u00e1s detalles en <a href=\"https:\/\/t.co\/AgvDHAWzAt\">https:\/\/t.co\/AgvDHAWzAt<\/a> <a href=\"https:\/\/t.co\/mPcapvVHzV\">pic.twitter.com\/mPcapvVHzV<\/a><\/p>\n<p>\u2014 SMN Alertas (@SMN_Alertas) <a href=\"https:\/\/twitter.com\/SMN_Alertas\/status\/1806807732982370718?ref_src=twsrc%5Etfw\">June 28, 2024<\/a><\/p><\/blockquote>\n<p><script async src=\"https:\/\/platform.twitter.com\/widgets.js\" charset=\"utf-8\"><\/script><\/p>\n<p>El <strong>nivel amarillo<\/strong> de alerta por temperatura extrema implica<strong> \u201cefecto leve a moderado en la salud\u201d<\/strong>. Las marcas pueden ser <em>peligrosas sobre todo para los grupos de riesgo, como ni\u00f1os y ni\u00f1as, personas mayores de 65 a\u00f1os, con enfermedades cr\u00f3nicas.<\/em><\/p>\n<p>En el mismo nivel, <strong>el SMN incluy\u00f3 a 17 provincias a lo largo de todo el pa\u00eds<\/strong>. En todos los casos es de nivel amarillo y en el sector este de Santa Cruz es de nivel rojo.<\/p>\n<blockquote class=\"twitter-tweet\">\n<p dir=\"ltr\" lang=\"es\">\ud83c\udf24\ufe0f | Panorama de temperatura para el fin de semana.<\/p>\n<p>\u00a1Sigue el fr\u00edo en Buenos Aires! \u2744\ufe0f<\/p>\n<p>S\u00e1bado y domingo, ma\u00f1anas fr\u00edas con m\u00ednimas de -2 a 0\u00b0C en el sudoeste y centro, y 1 a 3\u00b0C en la costa y AMBA. A partir del lunes 01, suben levemente las temperaturas.<\/p>\n<p>\u00a1Abrigate! \ud83e\udde3\u2615\ufe0f <a href=\"https:\/\/t.co\/5JVRnsC3Ed\">pic.twitter.com\/5JVRnsC3Ed<\/a><\/p>\n<p>\u2014 Defensa Civil PBA (@defensacivilpba) <a href=\"https:\/\/twitter.com\/defensacivilpba\/status\/1807009017031528741?ref_src=twsrc%5Etfw\">June 29, 2024<\/a><\/p><\/blockquote>\n<p><script async src=\"https:\/\/platform.twitter.com\/widgets.js\" charset=\"utf-8\"><\/script><\/p>\n","protected":false},"excerpt":{"rendered":"<p>El Servicio Meteorol\u00f3gico Nacional emiti\u00f3 un alerta que abarca a casi toda la provincia de Buenos Aires y a gran<\/p>\n","protected":false},"author":4,"featured_media":90587,"comment_status":"closed","ping_status":"closed","sticky":false,"template":"","format":"standard","meta":{"_jetpack_memberships_contains_paid_content":false,"footnotes":""},"categories":[5,1],"tags":[],"class_list":["post-119504","post","type-post","status-publish","format-standard","has-post-thumbnail","hentry","category-informacion-general","category-portada"],"jetpack_featured_media_url":"https:\/\/i0.wp.com\/cdnoticias.com\/wp-content\/uploads\/2023\/07\/helada-frio-invierno-00.jpg?fit=800%2C445&ssl=1","jetpack_sharing_enabled":true,"_links":{"self":[{"href":"https:\/\/cdnoticias.com\/index.php\/wp-json\/wp\/v2\/posts\/119504","targetHints":{"allow":["GET"]}}],"collection":[{"href":"https:\/\/cdnoticias.com\/index.php\/wp-json\/wp\/v2\/posts"}],"about":[{"href":"https:\/\/cdnoticias.com\/index.php\/wp-json\/wp\/v2\/types\/post"}],"author":[{"embeddable":true,"href":"https:\/\/cdnoticias.com\/index.php\/wp-json\/wp\/v2\/users\/4"}],"replies":[{"embeddable":true,"href":"https:\/\/cdnoticias.com\/index.php\/wp-json\/wp\/v2\/comments?post=119504"}],"version-history":[{"count":0,"href":"https:\/\/cdnoticias.com\/index.php\/wp-json\/wp\/v2\/posts\/119504\/revisions"}],"wp:featuredmedia":[{"embeddable":true,"href":"https:\/\/cdnoticias.com\/index.php\/wp-json\/wp\/v2\/media\/90587"}],"wp:attachment":[{"href":"https:\/\/cdnoticias.com\/index.php\/wp-json\/wp\/v2\/media?parent=119504"}],"wp:term":[{"taxonomy":"category","embeddable":true,"href":"https:\/\/cdnoticias.com\/index.php\/wp-json\/wp\/v2\/categories?post=119504"},{"taxonomy":"post_tag","embeddable":true,"href":"https:\/\/cdnoticias.com\/index.php\/wp-json\/wp\/v2\/tags?post=119504"}],"curies":[{"name":"wp","href":"https:\/\/api.w.org\/{rel}","templated":true}]}}