{"id":119497,"date":"2024-06-29T09:39:10","date_gmt":"2024-06-29T12:39:10","guid":{"rendered":"https:\/\/cdnoticias.com\/?p=119497"},"modified":"2024-06-29T09:39:12","modified_gmt":"2024-06-29T12:39:12","slug":"delia-maria-anunciada-pierini-viuda-de-bruno-q-e-p-d","status":"publish","type":"post","link":"https:\/\/cdnoticias.com\/index.php\/2024\/06\/29\/delia-maria-anunciada-pierini-viuda-de-bruno-q-e-p-d\/","title":{"rendered":"Delia Mar\u00eda Anunciada Pierini viuda de Bruno (Q.E.P.D.)"},"content":{"rendered":"<p>Falleci\u00f3 en Olavarr\u00eda el d\u00eda 28 de junio de 2024 a los 89 a\u00f1os de edad.<\/p>\n<p>Sus hijas Gladys y &#8220;Leo&#8221; Bruno. Sus nietos Mat\u00edas, Cecilia, Graciana y Augusto. Sus nietos pol\u00edticos Hilda, Claudio, Christian y Agustina. Sus bisnietos Lucia, Lucas, Juanita, Clara, Delfina y Benicio. Su hermana Haydee Pierini. Su hermana pol\u00edtica &#8220;Chicha&#8221; y dem\u00e1s deudos participan de su fallecimiento.<\/p>\n<p>Velatorio: Espa\u00f1a 2942 departamento &#8220;C&#8221; 28\/6\/2024 de 20 a 00. Reabre 29\/6\/2024 de 9 a 12:00. Responso: Capilla Ardiente. Cremaci\u00f3n: Crematorio Pinos de Paz, en d\u00eda a confirmar.<\/p>\n<p>Vecina de San Miguel del Monte<\/p>\n<p>Lugar de nacimiento: Lobos<\/p>\n<p>Actividad que desarrollaba: Jubilada y Pensionada<\/p>\n","protected":false},"excerpt":{"rendered":"<p>Falleci\u00f3 en Olavarr\u00eda el d\u00eda 28 de junio de 2024 a los 89 a\u00f1os de edad. Sus hijas Gladys y<\/p>\n","protected":false},"author":4,"featured_media":51544,"comment_status":"closed","ping_status":"closed","sticky":false,"template":"","format":"standard","meta":{"_jetpack_memberships_contains_paid_content":false,"footnotes":""},"categories":[10],"tags":[],"class_list":["post-119497","post","type-post","status-publish","format-standard","has-post-thumbnail","hentry","category-necrologicas"],"jetpack_featured_media_url":"https:\/\/i0.wp.com\/cdnoticias.com\/wp-content\/uploads\/2022\/04\/necrologicas-390-x-240.jpg?fit=390%2C240&ssl=1","jetpack_sharing_enabled":true,"_links":{"self":[{"href":"https:\/\/cdnoticias.com\/index.php\/wp-json\/wp\/v2\/posts\/119497","targetHints":{"allow":["GET"]}}],"collection":[{"href":"https:\/\/cdnoticias.com\/index.php\/wp-json\/wp\/v2\/posts"}],"about":[{"href":"https:\/\/cdnoticias.com\/index.php\/wp-json\/wp\/v2\/types\/post"}],"author":[{"embeddable":true,"href":"https:\/\/cdnoticias.com\/index.php\/wp-json\/wp\/v2\/users\/4"}],"replies":[{"embeddable":true,"href":"https:\/\/cdnoticias.com\/index.php\/wp-json\/wp\/v2\/comments?post=119497"}],"version-history":[{"count":0,"href":"https:\/\/cdnoticias.com\/index.php\/wp-json\/wp\/v2\/posts\/119497\/revisions"}],"wp:featuredmedia":[{"embeddable":true,"href":"https:\/\/cdnoticias.com\/index.php\/wp-json\/wp\/v2\/media\/51544"}],"wp:attachment":[{"href":"https:\/\/cdnoticias.com\/index.php\/wp-json\/wp\/v2\/media?parent=119497"}],"wp:term":[{"taxonomy":"category","embeddable":true,"href":"https:\/\/cdnoticias.com\/index.php\/wp-json\/wp\/v2\/categories?post=119497"},{"taxonomy":"post_tag","embeddable":true,"href":"https:\/\/cdnoticias.com\/index.php\/wp-json\/wp\/v2\/tags?post=119497"}],"curies":[{"name":"wp","href":"https:\/\/api.w.org\/{rel}","templated":true}]}}