{"id":119493,"date":"2024-06-28T20:55:49","date_gmt":"2024-06-28T23:55:49","guid":{"rendered":"https:\/\/cdnoticias.com\/?p=119493"},"modified":"2024-06-29T10:18:07","modified_gmt":"2024-06-29T13:18:07","slug":"olavarria-cierra-el-viernes-otra-vez-como-la-ciudad-mas-fria-de-la-provincia","status":"publish","type":"post","link":"https:\/\/cdnoticias.com\/index.php\/2024\/06\/28\/olavarria-cierra-el-viernes-otra-vez-como-la-ciudad-mas-fria-de-la-provincia\/","title":{"rendered":"Olavarr\u00eda cierra el viernes, otra vez, como la ciudad m\u00e1s fr\u00eda de la Provincia"},"content":{"rendered":"\n<p>La sensaci\u00f3n t\u00e9rmica lleg\u00f3, a las 20:00 horas, a 4 grados bajo cero. El s\u00e1bado se prev\u00e9 una jornada con m\u00e1s fr\u00edo a\u00fan.<\/p>\n\n\n\n<hr class=\"wp-block-separator aligncenter has-alpha-channel-opacity\"\/>\n\n\n\n<p>Seg\u00fan el Servicio Meteorol\u00f3gico Nacional y su ranking de ciudades con menores temperaturas, <strong>Olavarr\u00eda nuevamente fue la ciudad m\u00e1s fr\u00eda de la provincia, con 2,1 grados y -4 bajo cero de sensaci\u00f3n t\u00e9rmica.<\/strong><\/p>\n\n\n\n<p>Una heladera. Fue el tema de conversaci\u00f3n de los olavarrienses durante toda la jornada dado que el fr\u00edo se sinti\u00f3 y mucho. <strong>Durante todo el viernes Olavarr\u00eda estuvo entre las ciudades m\u00e1s fr\u00edas, pero tanto por la ma\u00f1ana como a \u00faltima hora, encabez\u00f3 el ranking de la Provincia.<\/strong><\/p>\n\n\n\n<figure class=\"wp-block-embed is-type-wp-embed is-provider-central-de-noticias-olavarr-a wp-block-embed-central-de-noticias-olavarr-a\"><div class=\"wp-block-embed__wrapper\">\n<blockquote class=\"wp-embedded-content\" data-secret=\"l57jecyrPJ\"><a href=\"https:\/\/cdnoticias.com\/index.php\/2024\/06\/28\/otra-vez-olavarria-fue-la-ciudad-mas-fria-de-la-provincia\/\">Otra vez Olavarr\u00eda fue la ciudad m\u00e1s fr\u00eda de la provincia<\/a><\/blockquote><iframe loading=\"lazy\" class=\"wp-embedded-content\" sandbox=\"allow-scripts\" security=\"restricted\" style=\"position: absolute; clip: rect(1px, 1px, 1px, 1px);\" title=\"&#8220;Otra vez Olavarr\u00eda fue la ciudad m\u00e1s fr\u00eda de la provincia&#8221; &#8212; Central de Noticias | Olavarr\u00eda\" src=\"https:\/\/cdnoticias.com\/index.php\/2024\/06\/28\/otra-vez-olavarria-fue-la-ciudad-mas-fria-de-la-provincia\/embed\/#?secret=BM1mW7FcV0#?secret=l57jecyrPJ\" data-secret=\"l57jecyrPJ\" width=\"600\" height=\"338\" frameborder=\"0\" marginwidth=\"0\" marginheight=\"0\" scrolling=\"no\"><\/iframe>\n<\/div><\/figure>\n\n\n\n<p>Le sigui\u00f3 Pig\u00fc\u00e9, y luego todas las ciudades de la regi\u00f3n: <strong>Tandil, Azul y tambi\u00e9n Bah\u00eda Blanca y Mar del Plata.<\/strong><\/p>\n\n\n\n<p><strong>Para este s\u00e1bado, el pron\u00f3stico no es alentador.<\/strong> De hecho, prev\u00e9 que <strong>la jornada sea m\u00e1s fr\u00eda a\u00fan con 7 grados de m\u00e1xima y -1 de m\u00ednima, con cielos algo a parcialmente nublado y r\u00e1fagas de viento por la ma\u00f1ana del sudoeste que alcanzar\u00edan los 50 kil\u00f3metros por hora.<\/strong><\/p>\n\n\n\n<p><strong>\u00a1A abrigarse m\u00e1s que nunca!<\/strong><\/p>\n","protected":false},"excerpt":{"rendered":"<p>La sensaci\u00f3n t\u00e9rmica lleg\u00f3, a las 20:00 horas, a 4 grados bajo cero. El s\u00e1bado se prev\u00e9 una jornada con<\/p>\n","protected":false},"author":2,"featured_media":117151,"comment_status":"closed","ping_status":"closed","sticky":false,"template":"","format":"standard","meta":{"_jetpack_memberships_contains_paid_content":false,"footnotes":""},"categories":[5,1],"tags":[],"class_list":["post-119493","post","type-post","status-publish","format-standard","has-post-thumbnail","hentry","category-informacion-general","category-portada"],"jetpack_featured_media_url":"https:\/\/i0.wp.com\/cdnoticias.com\/wp-content\/uploads\/2024\/05\/frio-estacion-invierno-otono-DIB.jpeg?fit=696%2C475&ssl=1","jetpack_sharing_enabled":true,"_links":{"self":[{"href":"https:\/\/cdnoticias.com\/index.php\/wp-json\/wp\/v2\/posts\/119493","targetHints":{"allow":["GET"]}}],"collection":[{"href":"https:\/\/cdnoticias.com\/index.php\/wp-json\/wp\/v2\/posts"}],"about":[{"href":"https:\/\/cdnoticias.com\/index.php\/wp-json\/wp\/v2\/types\/post"}],"author":[{"embeddable":true,"href":"https:\/\/cdnoticias.com\/index.php\/wp-json\/wp\/v2\/users\/2"}],"replies":[{"embeddable":true,"href":"https:\/\/cdnoticias.com\/index.php\/wp-json\/wp\/v2\/comments?post=119493"}],"version-history":[{"count":0,"href":"https:\/\/cdnoticias.com\/index.php\/wp-json\/wp\/v2\/posts\/119493\/revisions"}],"wp:featuredmedia":[{"embeddable":true,"href":"https:\/\/cdnoticias.com\/index.php\/wp-json\/wp\/v2\/media\/117151"}],"wp:attachment":[{"href":"https:\/\/cdnoticias.com\/index.php\/wp-json\/wp\/v2\/media?parent=119493"}],"wp:term":[{"taxonomy":"category","embeddable":true,"href":"https:\/\/cdnoticias.com\/index.php\/wp-json\/wp\/v2\/categories?post=119493"},{"taxonomy":"post_tag","embeddable":true,"href":"https:\/\/cdnoticias.com\/index.php\/wp-json\/wp\/v2\/tags?post=119493"}],"curies":[{"name":"wp","href":"https:\/\/api.w.org\/{rel}","templated":true}]}}