{"id":119473,"date":"2024-06-28T19:45:56","date_gmt":"2024-06-28T22:45:56","guid":{"rendered":"https:\/\/cdnoticias.com\/?p=119473"},"modified":"2024-06-28T19:45:56","modified_gmt":"2024-06-28T22:45:56","slug":"la-ucr-firmo-un-convenio-con-el-instituto-lebensohn","status":"publish","type":"post","link":"https:\/\/cdnoticias.com\/index.php\/2024\/06\/28\/la-ucr-firmo-un-convenio-con-el-instituto-lebensohn\/","title":{"rendered":"La UCR firm\u00f3 un convenio con el Instituto Lebensohn"},"content":{"rendered":"\n<p>El objetivo es desarrollar programas y espacios de cooperaci\u00f3n, reflexi\u00f3n e investigaci\u00f3n en \u00e1reas de mutuo inter\u00e9s.<\/p>\n\n\n\n<hr class=\"wp-block-separator aligncenter has-alpha-channel-opacity\"\/>\n\n\n\n<p>La <strong>Uni\u00f3n C\u00edvica Radical de Olavarr\u00eda firm\u00f3 un convenio con el Instituto de Pensamiento y Formaci\u00f3n Mois\u00e9s Lebensohn<\/strong>, con la finalidad de desarrollar programas y espacios de cooperaci\u00f3n, reflexi\u00f3n e investigaci\u00f3n en \u00e1reas de mutuo inter\u00e9s.<\/p>\n\n\n\n<p><\/p>\n\n\n\n<p>A su vez, uno de sus principales objetivos es<strong> fortalecer las habilidades de comunicaci\u00f3n y liderazgo, <\/strong>desarrollando estrategias para la acci\u00f3n pol\u00edtica, fomentando el pensamiento cr\u00edtico, la participaci\u00f3n ciudadana y el compromiso con los valores democr\u00e1ticos y republicanos.<\/p>\n\n\n\n<p><\/p>\n\n\n\n<p>La presidenta de la UCR, <strong>Bel\u00e9n Vergel<\/strong>, indic\u00f3 que <em>\u201ces importante generar espacios donde nos podamos capacitar, formar y prepararnos, no solamente quienes participamos en partidos pol\u00edticos sino la comunidad en general<\/em>\u201d.<\/p>\n\n\n\n<p><\/p>\n\n\n\n<p>Adem\u00e1s, agreg\u00f3 que \u201caquellos que participan en instituciones o entidades intermedias pueden participar de estos <strong>cursos que van a ser gratuitos<\/strong> y abiertos a toda la comunidad\u201d.<\/p>\n\n\n\n<p><\/p>\n\n\n\n<figure class=\"wp-block-image aligncenter size-full\"><img data-recalc-dims=\"1\" loading=\"lazy\" decoding=\"async\" width=\"800\" height=\"533\" src=\"https:\/\/i0.wp.com\/cdnoticias.com\/wp-content\/uploads\/2024\/06\/ucr-convenio-.jpg?resize=800%2C533&#038;ssl=1\" alt=\"\" class=\"wp-image-119475\" srcset=\"https:\/\/i0.wp.com\/cdnoticias.com\/wp-content\/uploads\/2024\/06\/ucr-convenio-.jpg?w=900&amp;ssl=1 900w, https:\/\/i0.wp.com\/cdnoticias.com\/wp-content\/uploads\/2024\/06\/ucr-convenio-.jpg?resize=300%2C200&amp;ssl=1 300w, https:\/\/i0.wp.com\/cdnoticias.com\/wp-content\/uploads\/2024\/06\/ucr-convenio-.jpg?resize=768%2C512&amp;ssl=1 768w, https:\/\/i0.wp.com\/cdnoticias.com\/wp-content\/uploads\/2024\/06\/ucr-convenio-.jpg?resize=272%2C182&amp;ssl=1 272w\" sizes=\"auto, (max-width: 800px) 100vw, 800px\" \/><\/figure>\n\n\n\n<p><\/p>\n\n\n\n<blockquote class=\"wp-block-quote is-layout-flow wp-block-quote-is-layout-flow\">\n<p>En esta misma l\u00ednea, sostuvo: \u201cSe van a generar encuentros no solamente de capacitaci\u00f3n sino donde podamos analizar, cuestionar y poner el ojo en determinadas tem\u00e1ticas que hacen a la diaria y que necesitamos tener el espacio de reflexi\u00f3n, cr\u00edtica y de aprendizaje tambi\u00e9n\u201d.<\/p>\n<\/blockquote>\n\n\n\n<p><\/p>\n\n\n\n<p>Por \u00faltimo, manifest\u00f3 que \u201corgullosamente informamos que se est\u00e1 abriendo y poniendo en funcionamiento un espacio de formaci\u00f3n dentro del partido para toda la comunidad\u201d.<\/p>\n\n\n\n<p><\/p>\n\n\n\n<p>Por su parte, el vicepresidente del partido, <strong>Sim\u00f3n Schwab<\/strong>, se\u00f1al\u00f3 que \u201c<em>estos espacios son importantes para el fomento de pol\u00edticas p\u00fablicas y la formaci\u00f3n de un pensamiento cr\u00edtico y constructivo para nuestra ciudad\u201d.<\/em><\/p>\n\n\n\n<p><\/p>\n\n\n\n<p>\u201cEl Instituto Mois\u00e9s Lebensohn, comprometido con la investigaci\u00f3n y la elaboraci\u00f3n de propuestas orientadas al desarrollo sustentable de la regi\u00f3n, desempe\u00f1a un rol crucial en esta misi\u00f3n\u201d agreg\u00f3.<\/p>\n\n\n\n<p><\/p>\n\n\n\n<p>\u201cEs de suma importancia destacar la oportunidad que brindamos desde el Comit\u00e9 a todos los vecinos, que a trav\u00e9s de estos espacios tambi\u00e9n podr\u00e1n adquirir conocimientos y habilidades valiosas, que les permitir\u00e1 repensar la ciudad y llevar adelante acciones que mejoren la calidad de vida de la poblaci\u00f3n\u201d, cerr\u00f3 Schwab.<\/p>\n","protected":false},"excerpt":{"rendered":"<p>El objetivo es desarrollar programas y espacios de cooperaci\u00f3n, reflexi\u00f3n e investigaci\u00f3n en \u00e1reas de mutuo inter\u00e9s. La Uni\u00f3n C\u00edvica<\/p>\n","protected":false},"author":6,"featured_media":119476,"comment_status":"closed","ping_status":"closed","sticky":false,"template":"","format":"standard","meta":{"_jetpack_memberships_contains_paid_content":false,"footnotes":""},"categories":[4,1],"tags":[],"class_list":["post-119473","post","type-post","status-publish","format-standard","has-post-thumbnail","hentry","category-politica","category-portada"],"jetpack_featured_media_url":"https:\/\/i0.wp.com\/cdnoticias.com\/wp-content\/uploads\/2024\/06\/ucr-convenio1-.png?fit=884%2C536&ssl=1","jetpack_sharing_enabled":true,"_links":{"self":[{"href":"https:\/\/cdnoticias.com\/index.php\/wp-json\/wp\/v2\/posts\/119473","targetHints":{"allow":["GET"]}}],"collection":[{"href":"https:\/\/cdnoticias.com\/index.php\/wp-json\/wp\/v2\/posts"}],"about":[{"href":"https:\/\/cdnoticias.com\/index.php\/wp-json\/wp\/v2\/types\/post"}],"author":[{"embeddable":true,"href":"https:\/\/cdnoticias.com\/index.php\/wp-json\/wp\/v2\/users\/6"}],"replies":[{"embeddable":true,"href":"https:\/\/cdnoticias.com\/index.php\/wp-json\/wp\/v2\/comments?post=119473"}],"version-history":[{"count":0,"href":"https:\/\/cdnoticias.com\/index.php\/wp-json\/wp\/v2\/posts\/119473\/revisions"}],"wp:featuredmedia":[{"embeddable":true,"href":"https:\/\/cdnoticias.com\/index.php\/wp-json\/wp\/v2\/media\/119476"}],"wp:attachment":[{"href":"https:\/\/cdnoticias.com\/index.php\/wp-json\/wp\/v2\/media?parent=119473"}],"wp:term":[{"taxonomy":"category","embeddable":true,"href":"https:\/\/cdnoticias.com\/index.php\/wp-json\/wp\/v2\/categories?post=119473"},{"taxonomy":"post_tag","embeddable":true,"href":"https:\/\/cdnoticias.com\/index.php\/wp-json\/wp\/v2\/tags?post=119473"}],"curies":[{"name":"wp","href":"https:\/\/api.w.org\/{rel}","templated":true}]}}